{"id":10464,"date":"2024-12-16T16:50:48","date_gmt":"2024-12-16T15:50:48","guid":{"rendered":"https:\/\/trofeusabm.com\/gala-dels-premis-gaudi-reconeixent-lexcellencia-del-cinema-catala\/"},"modified":"2024-12-16T16:50:48","modified_gmt":"2024-12-16T15:50:48","slug":"gala-dels-premis-gaudi-reconeixent-lexcellencia-del-cinema-catala","status":"publish","type":"post","link":"https:\/\/trofeusabm.com\/ca\/gala-dels-premis-gaudi-reconeixent-lexcellencia-del-cinema-catala\/","title":{"rendered":"Gala dels Premis Gaud\u00ed: reconeixent l&#8217;excel\u00b7l\u00e8ncia del cinema catal\u00e0"},"content":{"rendered":"<p><span style=\"font-weight: 400;\">Cada any, Barcelona es vesteix de gala per a celebrar el millor del cinema catal\u00e0. La catifa vermella es desplega, les c\u00e0meres s&#8217;encenen, i el talent local brilla amb for\u00e7a. La  <\/span><b> gala dels Premis Gaud\u00ed<\/b><span style=\"font-weight: 400;\"> \u00e9s una festa del cinema local que ens convida a descobrir tota la m\u00e0gia de la ind\u00fastria cinematogr\u00e0fica d&#8217;aquesta regi\u00f3. Des de  <\/span><a href=\"https:\/\/trofeusabm.com\/\"><b>Trofeus ABM<\/b><\/a><span style=\"font-weight: 400;\">, experts en el disseny i fabricaci\u00f3 de trofeus personalitzats, ens endinsem en aquesta nit tan especial perqu\u00e8 coneguis la seva rellev\u00e0ncia, i com el seu guard\u00f3 representa la uni\u00f3 entre la tradici\u00f3 cultural catalana i l&#8217;avantguarda del cinema local. Llums, c\u00e0meres, acci\u00f3! <\/span><\/p>\n<p><iframe title=\"Premios Gaud\u00ed\" width=\"1200\" height=\"675\" src=\"https:\/\/www.youtube.com\/embed\/JlX29GjeuIk?feature=oembed\" frameborder=\"0\" allow=\"accelerometer; autoplay; clipboard-write; encrypted-media; gyroscope; picture-in-picture; web-share\" referrerpolicy=\"strict-origin-when-cross-origin\" allowfullscreen><\/iframe><\/p>\n<h2><b>Hist\u00f2ria dels Premis Gaud\u00ed<\/b><\/h2>\n<p><span style=\"font-weight: 400;\">Els <\/span><b>Premis Gaud\u00ed<\/b><span style=\"font-weight: 400;\"> van n\u00e9ixer el 2009 amb l&#8217;objetiu de <\/span><b>recon\u00e8ixer <\/b><span style=\"font-weight: 400;\">i <\/span><b>visibilitzar <\/b> <span style=\"font-weight: 400;\">la qualitat del cinema catal\u00e0. Organizats per l&#8217;  <\/span><b>Acad\u00e8mia del Cinema Catal\u00e0<\/b><span style=\"font-weight: 400;\">, aquesta gala busca promoure l&#8217;ind\u00fastria local, destacar la seva diversitat i enfortir la seva pres\u00e8ncia tant a nivell nacional com internacional.<\/span> <span style=\"font-weight: 400;\">Inspirats pels assoliments de premis com els Goya a Espanya o els C\u00e8sar a Fran\u00e7a, els <\/span><b>Premis Gaud\u00ed<\/b><\/p>\n<p><span style=\"font-weight: 400;\"> celebren el talent emergent i consolidat de la regi\u00f3. I on se celebra la gala? S&#8217;organitza anualment a   <\/span><b>Barcelona<\/b><span style=\"font-weight: 400;\">, ciutat que simbolitza l&#8217;innovaci\u00f3 cultural i la riquesa art\u00edstica de Catalunya.<\/span><\/p>\n<h2><b>La gala dels Premis Gaud\u00ed: una nit de celebraci\u00f3<\/b><\/h2>\n<p><span style=\"font-weight: 400;\">La <\/span><b>gala dels Premis Gaud\u00ed<\/b><span style=\"font-weight: 400;\"> \u00e9s un esdeveniment amb glamour i emoci\u00f3 que reuneix als noms m\u00e9s destacats de l&#8217;ind\u00fastria cinematogr\u00e0fica catalana: <\/span> <\/p>\n<h3><b>Barcelona i els Premis Gaud\u00ed<\/b><\/h3>\n<p><span style=\"font-weight: 400;\">Cada edici\u00f3 t\u00e9 lloc en un espai emblem\u00e0tic de Barcelona, una ciutat profundament lligada a la cultura cinematogr\u00e0fica. Escenaris com l&#8217;  <\/span><b>Auditori del F\u00f2rum<\/b><span style=\"font-weight: 400;\">o el<\/span><b>Teatre Nacional de Catalunya<\/b><span style=\"font-weight: 400;\"> han albergat aquest esdeveniment, reflectint l&#8217;estil elegant i professional que caracteritza als premis. Quant a l&#8217;edici\u00f3 d&#8217;enguany, celebrada el 4 de febrer, va ser organitzada en el  <\/span><b>Centre de Convencions Internacionals<\/b><span style=\"font-weight: 400;\"> de la ciutat. <\/span> <\/p>\n<h3><b>Estrelles a l&#8217;escenari<\/b><\/h3>\n<p><span style=\"font-weight: 400;\">La gala compta amb presentadors de renom i actuacions art\u00edstiques que fan de l&#8217;esdeveniment una<\/span> <b>experi\u00e8ncia inoblidable<\/b><span style=\"font-weight: 400;\">. Figuras destacadas del cine y la televisi\u00f3n asumen el papel de anfitriones, mientras que m\u00fasicos y artistas locales aportan momentos de entretenimiento \u00fanicos. En su \u00faltima edici\u00f3n, los premios contaron con la participaci\u00f3n de    <\/span><b>Ana Polo<\/b><span style=\"font-weight: 400;\"> i <\/span><b>Maria Rovira i Lastra<\/b><span style=\"font-weight: 400;\"> com a presentadores. <\/span> <\/p>\n<h2><b>Premis i categories<\/b><\/h2>\n<p><span style=\"font-weight: 400;\">Els <\/span><b>Premis Gaud\u00ed<\/b><span style=\"font-weight: 400;\"> reconeixen l&#8217;excel\u00b7l\u00e8ncia cinematogr\u00e0fica en <\/span><b>25 categories<\/b><span style=\"font-weight: 400;\"> diferents. Aquestes abasten des d&#8217;\u00e0rees t\u00e8cniques fins a art\u00edstiques, destacant tant als talents consolidats com a les noves promeses. <\/span><\/p>\n<h3><b>Principals categories<\/b><\/h3>\n<p><span style=\"font-weight: 400;\">Entre les categories m\u00e9s destacades es troben:<\/span><\/p>\n<ul>\n<li style=\"font-weight: 400;\" aria-level=\"1\"><b>Millor pel\u00b7l\u00edcula<\/b><\/li>\n<li style=\"font-weight: 400;\" aria-level=\"1\"><b>Millor direcci\u00f3<\/b><\/li>\n<li style=\"font-weight: 400;\" aria-level=\"1\"><b>Millor interpretaci\u00f3 masculina\/femenina<\/b><\/li>\n<li style=\"font-weight: 400;\" aria-level=\"1\"><b>Millor gui\u00f3 original<\/b><\/li>\n<\/ul>\n<h3><b>Premis honor\u00edfics<\/b><\/h3>\n<p><span style=\"font-weight: 400;\">A m\u00e9s a m\u00e9s,<\/span> <span style=\"font-weight: 400;\">s&#8217;entrega el premi <\/span><b>Gaud\u00ed d&#8217;honor-Miquel Porter<\/b><span style=\"font-weight: 400;\">, que \u00e9s un reconeixement especial atorgat a professionals amb una traject\u00f2ria destacada al cinema catal\u00e0. Aquest premi honra el  <\/span><b>llegat <\/b><span style=\"font-weight: 400;\">d&#8217;aquells que han contribuit i deixat petjada al desenvolupament de la ind\u00fastria cinematogr\u00e0fica. <\/span> <\/p>\n<h2><b>La influ\u00e8ncia dels Premis Gaud\u00ed en la ind\u00fastria del cinema catal\u00e0<\/b><\/h2>\n<p><span style=\"font-weight: 400;\">Els Premis Gaud\u00ed han tingut un rol protagonista en la consolidaci\u00f3 del cinema catal\u00e0 com una ind\u00fastria rellevant i competitiva. Vegem les seves contribucions m\u00e9s importants:  <\/span><\/p>\n<h3><b>La ind\u00fastria local enlaira<\/b><\/h3>\n<p><span style=\"font-weight: 400;\">Aquests premis destaquen molt m\u00e9s que el talent individual. Tamb\u00e9 serveixen per a  <\/span><b>impulsar projectes<\/b><span style=\"font-weight: 400;\">de gran qualitat, generant inter\u00e9s tant dins com fora de Catalunya.<\/span><\/p>\n<h3><b>Un reflexe de la societat<\/b><\/h3>\n<p><span style=\"font-weight: 400;\">Cada edici\u00f3 posa en evid\u00e8ncia les <\/span><b>tend\u00e8ncies <\/b><span style=\"font-weight: 400;\">i <\/span><b>preocupacions <\/b> <span style=\"font-weight: 400;\">actuals del cinema catal\u00e0 i de la societat en el seu conjunt. Pel\u00b7l\u00edcules recents com ara  <\/span><b>Alcarr\u00e0s <\/b><span style=\"font-weight: 400;\">o <\/span><b>Suro <\/b><span style=\"font-weight: 400;\">han abordat tem\u00e0tiques com la identitat, la hist\u00f2ria i les q\u00fcestions socials, mostrant la diversitat de veus en la ind\u00fastria.<\/span><\/p>\n<h2><b>Impacte internacional de la gala dels Premis Gaud\u00ed<\/b><\/h2>\n<p><span style=\"font-weight: 400;\">Encara que estan profundament arrelats a Catalunya, els Premis Gaud\u00ed tenen un impacte que<\/span> <b>transcendeix fronteres<\/b><span style=\"font-weight: 400;\">. El galard\u00f3n ha contribuido a la proyecci\u00f3n internacional del cine catal\u00e1n, atrayendo la atenci\u00f3n de cr\u00edticos y festivales en todo el mundo. Por ejemplo, pel\u00edculas como    <\/span><b>Alcarr\u00e0s<\/b><span style=\"font-weight: 400;\">, dirigida per <\/span><b>Carla Sim\u00f3n<\/b><span style=\"font-weight: 400;\">, no nom\u00e9s va endur-se el prestigi\u00f3s <\/span><b>Os d&#8217;Or al Festival de Berl\u00edn,<\/b><span style=\"font-weight: 400;\"> sin\u00f3 que tamb\u00e9n van atraure l&#8217;atenci\u00f3 de cr\u00edtics i audi\u00e8ncies internacionals<\/span><\/p>\n<h2><b>El guard\u00f3 de la gala dels Premis Gaud\u00ed: simbolisme i disseny<\/b><\/h2>\n<p><span style=\"font-weight: 400;\">El trofeu de la <\/span><b>gala dels Premis Gaud\u00ed<\/b><span style=\"font-weight: 400;\"> \u00e9s una obra mestra creada pels esculptors <\/span><b>Montse Rib\u00e9<\/b><span style=\"font-weight: 400;\"> i <\/span><b>David Mart\u00ed<\/b><span style=\"font-weight: 400;\">, coneguts per la seva labor en efectes especials en pel\u00b7l\u00edcules de renom. Inspirat en les xemeneies de  <\/span><b>La Pedrera<\/b><span style=\"font-weight: 400;\">, obra ic\u00f2nica d&#8217; <\/span><b>Antoni Gaud\u00ed<\/b><span style=\"font-weight: 400;\">, aquest guard\u00f3 representa la connexi\u00f3 entre l&#8217;art i la cultura catalana.<\/span><\/p>\n<h3><b>Caracter\u00edstiques del trofeu<\/b><\/h3>\n<p><span style=\"font-weight: 400;\">El <a href=\"https:\/\/trofeusabm.com\/ca\/categoria-producto\/trofeus\/\">guard\u00f3<\/a>, fabricat en <\/span><b>bronze<\/b><span style=\"font-weight: 400;\">, pesa aproximadament <\/span><b>4 quilos<\/b><span style=\"font-weight: 400;\"> i destaca pel seu disseny imponent i elegant. La seva est\u00e8tica simbolitza la  <\/span><b>fortalesa <\/b><span style=\"font-weight: 400;\">i el <\/span><b>car\u00e0cter <\/b><span style=\"font-weight: 400;\">del cinema catal\u00e0, equiparant-se en prestigi a altres premis internacionals com l&#8217;Oscar o l&#8217;Os de Berl\u00edn.<\/span><\/p>\n<h3><b>Import\u00e0ncia del disseny<\/b><\/h3>\n<p><span style=\"font-weight: 400;\">M\u00e1s que un trofeu, \u00e9s un <\/span><b>homenatge <\/b><span style=\"font-weight: 400;\">a la riquesa cultural i art\u00edstica de Catalunya, consolidant als Premis Gaud\u00ed com un esdeveniment de gran rellev\u00e0ncia en la ind\u00fastria cinematogr\u00e0fica.<\/span><\/p>\n<h2><b>Gala dels Premis Gaud\u00ed: edici\u00f3 2024<\/b><\/h2>\n<p><span style=\"font-weight: 400;\">L&#8217;edici\u00f3 dels <\/span><b>Premis Gaud\u00ed 2024<\/b><span style=\"font-weight: 400;\"> va destacar per la diversitat i qualitat de les pel\u00b7l\u00edcules guardonades, la qual cosa reflecteix el<\/span><b>dinamisme <\/b><span style=\"font-weight: 400;\">del cinema catal\u00e0 actual i el seu <\/span><b>creixement <\/b><span style=\"font-weight: 400;\">a nivell<\/span> <span style=\"font-weight: 400;\">internacional. A continuaci\u00f3, presentem alguns dels premis m\u00e9s importants i els seus guanyadors:  <\/span><\/p>\n<h3><b>Millor pel\u00b7l\u00edcula<\/b><\/h3>\n<p><span style=\"font-weight: 400;\">Aquest any, el premi va ser per a <\/span><b>Saben Aquell<\/b><span style=\"font-weight: 400;\">, un drama que ha capturat l&#8217;atenci\u00f3 tant del p\u00fablic com dels cr\u00edtics. Dirigida per David Trueba, la pel\u00b7l\u00edcula indaga en les complexitats de les relacions humanes i ha estat reconeguda per la seva profunditat emocional i el seu tractament de temes universals. En aquest mateix esdeveniment,   <\/span><b>David Trueba<\/b><span style=\"font-weight: 400;\"> es va endur el guard\u00f3 a <\/span><b>Millor direcci\u00f3<\/b><span style=\"font-weight: 400;\">, consolidant-se com una de les figures m\u00e1s rellevants del cinema catal\u00e0 contemporani. <\/span> <\/p>\n<h3><b>Millor direcci\u00f3 novella<\/b><span style=\"font-weight: 400;\"> <\/span><\/h3>\n<p><span style=\"font-weight: 400;\">El guard\u00f3 va ser per a <\/span><b>Estibaliz Urresola Solaguren<\/b><span style=\"font-weight: 400;\"> per la seva commovedora obra <\/span><b>20.000 esp\u00e8cies d&#8217;abelles<\/b><span style=\"font-weight: 400;\">. Este filme aborda temas de identidad y descubrimiento personal a trav\u00e9s de la historia de una ni\u00f1a que se enfrenta a las preguntas de su existencia y sexualidad. La direcci\u00f3n de    <\/span><b>Urresola Solaguren<\/b><span style=\"font-weight: 400;\"> tamb\u00e9 ha estat aclamada per la seva sensibilitat i capacitat per a tractar temes complexos de manera accessible, la qual cosa li ha valgut el reconeixement en aquesta categoria<\/span><\/p>\n<h3><b>Millor actor de repartiment<\/b><span style=\"font-weight: 400;\"> <\/span><\/h3>\n<p><b>\u00c0lex Brendem\u00fchl <\/b><span style=\"font-weight: 400;\">va ser el guanyador d&#8217;aquesta categoria. El seu pas pel cinema va deixar una forta impressi\u00f3 amb la seva interpretaci\u00f3 a  <\/span><b>Creatura<\/b><span style=\"font-weight: 400;\">, una pel\u00b7l\u00edcula que combina humor i drama per a tractar d&#8217;una forma lleugera per\u00f2 profunda temes com les expectatives socials i l&#8217;amor propi.<\/span><\/p>\n<h2><b>Trofeus que parlen d&#8217;excel\u00b7l\u00e8ncia<\/b><\/h2>\n<p><span style=\"font-weight: 400;\">La <\/span><b>gala dels Premis Gaud\u00ed<\/b><span style=\"font-weight: 400;\"> \u00e9s un esdeveniment que posa en l&#8217;escenari internacional la riquesa i qualitat del cinema catal\u00e0. Amb un  <\/span><b>trofeu ic\u00f2nic<\/b><span style=\"font-weight: 400;\"> que simbolitza la creativitat i el talent de la regi\u00f3, aquesta gala s&#8217;ha convertit en un referent cultural.<\/span> <span style=\"font-weight: 400;\">Si busques dissenyar i fabricas trofeus d&#8217;alta qualitat, pots comptar amb <\/span><a href=\"https:\/\/trofeusabm.com\/ca\/categoria-producto\/trofeus\/\"><b>Trofeus ABM<\/b><\/a><b>.<\/b><span style=\"font-weight: 400;\"> Contem amb <\/span><b>m\u00e9s de 35 anys d&#8217;experi\u00e8ncia<\/b><\/p>\n<p><span style=\"font-weight: 400;\"> en la creaci\u00f3 de peces \u00faniques que reflecteixen l&#8217;ess\u00e8ncia de cada esdeveniment. Confia en nosaltres per a ajudar-te a immortalitzar els teus assoliments amb trofeus excepcionals. <\/span><\/p>\n","protected":false},"excerpt":{"rendered":"<p>Cada any, Barcelona es vesteix de gala per a celebrar el millor del cinema catal\u00e0. La catifa vermella es desplega, les c\u00e0meres s&#8217;encenen, i el talent local brilla amb for\u00e7a. La gala dels Premis Gaud\u00ed \u00e9s una festa del cinema local que ens convida a descobrir tota la m\u00e0gia de la ind\u00fastria cinematogr\u00e0fica d&#8217;aquesta regi\u00f3. &#8230; <a title=\"Gala dels Premis Gaud\u00ed: reconeixent l&#8217;excel\u00b7l\u00e8ncia del cinema catal\u00e0\" class=\"read-more\" href=\"https:\/\/trofeusabm.com\/ca\/gala-dels-premis-gaudi-reconeixent-lexcellencia-del-cinema-catala\/\" aria-label=\"M\u00e9s informaci\u00f3 sobre Gala dels Premis Gaud\u00ed: reconeixent l&#8217;excel\u00b7l\u00e8ncia del cinema catal\u00e0\">Llegiu m\u00e9s<\/a><\/p>\n","protected":false},"author":2,"featured_media":10459,"comment_status":"open","ping_status":"open","sticky":false,"template":"","format":"standard","meta":{"footnotes":""},"categories":[21],"tags":[],"class_list":["post-10464","post","type-post","status-publish","format-standard","has-post-thumbnail","hentry","category-sin-categorizar"],"yoast_head":"<!-- This site is optimized with the Yoast SEO Premium plugin v22.8 (Yoast SEO v27.1) - https:\/\/yoast.com\/product\/yoast-seo-premium-wordpress\/ -->\n<title>Gala dels Premis Gaud\u00ed: reconeixent l&#039;excel\u00b7l\u00e8ncia del cinema catal\u00e0 - Trofeos ABM<\/title>\n<meta name=\"description\" content=\"Descobreix la hist\u00f2ria i l&#039;impacte internacional de la gala dels Premis Gaud\u00ed, l&#039;esdeveniment que celebra la riquesa del cinema catal\u00e0 i el seu llegat cultural.\" \/>\n<meta name=\"robots\" content=\"index, follow, max-snippet:-1, max-image-preview:large, max-video-preview:-1\" \/>\n<link rel=\"canonical\" href=\"https:\/\/trofeusabm.com\/ca\/gala-dels-premis-gaudi-reconeixent-lexcellencia-del-cinema-catala\/\" \/>\n<meta property=\"og:locale\" content=\"ca_ES\" \/>\n<meta property=\"og:type\" content=\"article\" \/>\n<meta property=\"og:title\" content=\"Gala dels Premis Gaud\u00ed: reconeixent l&#039;excel\u00b7l\u00e8ncia del cinema catal\u00e0\" \/>\n<meta property=\"og:description\" content=\"Descobreix la hist\u00f2ria i l&#039;impacte internacional de la gala dels Premis Gaud\u00ed, l&#039;esdeveniment que celebra la riquesa del cinema catal\u00e0 i el seu llegat cultural.\" \/>\n<meta property=\"og:url\" content=\"https:\/\/trofeusabm.com\/ca\/gala-dels-premis-gaudi-reconeixent-lexcellencia-del-cinema-catala\/\" \/>\n<meta property=\"og:site_name\" content=\"Trofeos ABM\" \/>\n<meta property=\"article:published_time\" content=\"2024-12-16T15:50:48+00:00\" \/>\n<meta property=\"og:image\" content=\"https:\/\/trofeusabm.com\/wp-content\/uploads\/2024\/12\/gala-premis-gaudi-e1734364153666.jpeg\" \/>\n\t<meta property=\"og:image:width\" content=\"600\" \/>\n\t<meta property=\"og:image:height\" content=\"400\" \/>\n\t<meta property=\"og:image:type\" content=\"image\/jpeg\" \/>\n<meta name=\"author\" content=\"apuig\" \/>\n<meta name=\"twitter:card\" content=\"summary_large_image\" \/>\n<meta name=\"twitter:label1\" content=\"Escrit per\" \/>\n\t<meta name=\"twitter:data1\" content=\"apuig\" \/>\n\t<meta name=\"twitter:label2\" content=\"Temps estimat de lectura\" \/>\n\t<meta name=\"twitter:data2\" content=\"6 minuts\" \/>\n<script type=\"application\/ld+json\" class=\"yoast-schema-graph\">{\"@context\":\"https:\/\/schema.org\",\"@graph\":[{\"@type\":\"Article\",\"@id\":\"https:\/\/trofeusabm.com\/ca\/gala-dels-premis-gaudi-reconeixent-lexcellencia-del-cinema-catala\/#article\",\"isPartOf\":{\"@id\":\"https:\/\/trofeusabm.com\/ca\/gala-dels-premis-gaudi-reconeixent-lexcellencia-del-cinema-catala\/\"},\"author\":{\"name\":\"apuig\",\"@id\":\"https:\/\/trofeusabm.com\/ca\/#\/schema\/person\/74faa683a697408997fcd40dba5ade8c\"},\"headline\":\"Gala dels Premis Gaud\u00ed: reconeixent l&#8217;excel\u00b7l\u00e8ncia del cinema catal\u00e0\",\"datePublished\":\"2024-12-16T15:50:48+00:00\",\"mainEntityOfPage\":{\"@id\":\"https:\/\/trofeusabm.com\/ca\/gala-dels-premis-gaudi-reconeixent-lexcellencia-del-cinema-catala\/\"},\"wordCount\":1308,\"commentCount\":0,\"publisher\":{\"@id\":\"https:\/\/trofeusabm.com\/ca\/#organization\"},\"image\":{\"@id\":\"https:\/\/trofeusabm.com\/ca\/gala-dels-premis-gaudi-reconeixent-lexcellencia-del-cinema-catala\/#primaryimage\"},\"thumbnailUrl\":\"https:\/\/trofeusabm.com\/wp-content\/uploads\/2024\/12\/gala-premis-gaudi-e1734364153666.jpeg\",\"articleSection\":[\"Sin categorizar\"],\"inLanguage\":\"ca\",\"potentialAction\":[{\"@type\":\"CommentAction\",\"name\":\"Comment\",\"target\":[\"https:\/\/trofeusabm.com\/ca\/gala-dels-premis-gaudi-reconeixent-lexcellencia-del-cinema-catala\/#respond\"]}]},{\"@type\":\"WebPage\",\"@id\":\"https:\/\/trofeusabm.com\/ca\/gala-dels-premis-gaudi-reconeixent-lexcellencia-del-cinema-catala\/\",\"url\":\"https:\/\/trofeusabm.com\/ca\/gala-dels-premis-gaudi-reconeixent-lexcellencia-del-cinema-catala\/\",\"name\":\"Gala dels Premis Gaud\u00ed: reconeixent l'excel\u00b7l\u00e8ncia del cinema catal\u00e0 - Trofeos ABM\",\"isPartOf\":{\"@id\":\"https:\/\/trofeusabm.com\/ca\/#website\"},\"primaryImageOfPage\":{\"@id\":\"https:\/\/trofeusabm.com\/ca\/gala-dels-premis-gaudi-reconeixent-lexcellencia-del-cinema-catala\/#primaryimage\"},\"image\":{\"@id\":\"https:\/\/trofeusabm.com\/ca\/gala-dels-premis-gaudi-reconeixent-lexcellencia-del-cinema-catala\/#primaryimage\"},\"thumbnailUrl\":\"https:\/\/trofeusabm.com\/wp-content\/uploads\/2024\/12\/gala-premis-gaudi-e1734364153666.jpeg\",\"datePublished\":\"2024-12-16T15:50:48+00:00\",\"description\":\"Descobreix la hist\u00f2ria i l'impacte internacional de la gala dels Premis Gaud\u00ed, l'esdeveniment que celebra la riquesa del cinema catal\u00e0 i el seu llegat cultural.\",\"breadcrumb\":{\"@id\":\"https:\/\/trofeusabm.com\/ca\/gala-dels-premis-gaudi-reconeixent-lexcellencia-del-cinema-catala\/#breadcrumb\"},\"inLanguage\":\"ca\",\"potentialAction\":[{\"@type\":\"ReadAction\",\"target\":[\"https:\/\/trofeusabm.com\/ca\/gala-dels-premis-gaudi-reconeixent-lexcellencia-del-cinema-catala\/\"]}]},{\"@type\":\"ImageObject\",\"inLanguage\":\"ca\",\"@id\":\"https:\/\/trofeusabm.com\/ca\/gala-dels-premis-gaudi-reconeixent-lexcellencia-del-cinema-catala\/#primaryimage\",\"url\":\"https:\/\/trofeusabm.com\/wp-content\/uploads\/2024\/12\/gala-premis-gaudi-e1734364153666.jpeg\",\"contentUrl\":\"https:\/\/trofeusabm.com\/wp-content\/uploads\/2024\/12\/gala-premis-gaudi-e1734364153666.jpeg\",\"width\":600,\"height\":400,\"caption\":\"gala premis gaudi\"},{\"@type\":\"BreadcrumbList\",\"@id\":\"https:\/\/trofeusabm.com\/ca\/gala-dels-premis-gaudi-reconeixent-lexcellencia-del-cinema-catala\/#breadcrumb\",\"itemListElement\":[{\"@type\":\"ListItem\",\"position\":1,\"name\":\"Portada\",\"item\":\"https:\/\/trofeusabm.com\/ca\/\"},{\"@type\":\"ListItem\",\"position\":2,\"name\":\"Gala dels Premis Gaud\u00ed: reconeixent l&#8217;excel\u00b7l\u00e8ncia del cinema catal\u00e0\"}]},{\"@type\":\"WebSite\",\"@id\":\"https:\/\/trofeusabm.com\/ca\/#website\",\"url\":\"https:\/\/trofeusabm.com\/ca\/\",\"name\":\"Trofeos ABM\",\"description\":\"\",\"publisher\":{\"@id\":\"https:\/\/trofeusabm.com\/ca\/#organization\"},\"potentialAction\":[{\"@type\":\"SearchAction\",\"target\":{\"@type\":\"EntryPoint\",\"urlTemplate\":\"https:\/\/trofeusabm.com\/ca\/?s={search_term_string}\"},\"query-input\":{\"@type\":\"PropertyValueSpecification\",\"valueRequired\":true,\"valueName\":\"search_term_string\"}}],\"inLanguage\":\"ca\"},{\"@type\":\"Organization\",\"@id\":\"https:\/\/trofeusabm.com\/ca\/#organization\",\"name\":\"Trofeos ABM\",\"url\":\"https:\/\/trofeusabm.com\/ca\/\",\"logo\":{\"@type\":\"ImageObject\",\"inLanguage\":\"ca\",\"@id\":\"https:\/\/trofeusabm.com\/ca\/#\/schema\/logo\/image\/\",\"url\":\"https:\/\/trofeusabm.com\/wp-content\/uploads\/2024\/08\/logo-1665059948.png\",\"contentUrl\":\"https:\/\/trofeusabm.com\/wp-content\/uploads\/2024\/08\/logo-1665059948.png\",\"width\":320,\"height\":80,\"caption\":\"Trofeos ABM\"},\"image\":{\"@id\":\"https:\/\/trofeusabm.com\/ca\/#\/schema\/logo\/image\/\"}},{\"@type\":\"Person\",\"@id\":\"https:\/\/trofeusabm.com\/ca\/#\/schema\/person\/74faa683a697408997fcd40dba5ade8c\",\"name\":\"apuig\",\"image\":{\"@type\":\"ImageObject\",\"inLanguage\":\"ca\",\"@id\":\"https:\/\/trofeusabm.com\/ca\/#\/schema\/person\/image\/\",\"url\":\"https:\/\/secure.gravatar.com\/avatar\/583d07f3f1036f58d0e44e873586278b582179a16b27a5b3951504e9ee001c06?s=96&d=mm&r=g\",\"contentUrl\":\"https:\/\/secure.gravatar.com\/avatar\/583d07f3f1036f58d0e44e873586278b582179a16b27a5b3951504e9ee001c06?s=96&d=mm&r=g\",\"caption\":\"apuig\"},\"url\":\"https:\/\/trofeusabm.com\/ca\/author\/apuig\/\"}]}<\/script>\n<!-- \/ Yoast SEO Premium plugin. -->","yoast_head_json":{"title":"Gala dels Premis Gaud\u00ed: reconeixent l'excel\u00b7l\u00e8ncia del cinema catal\u00e0 - Trofeos ABM","description":"Descobreix la hist\u00f2ria i l'impacte internacional de la gala dels Premis Gaud\u00ed, l'esdeveniment que celebra la riquesa del cinema catal\u00e0 i el seu llegat cultural.","robots":{"index":"index","follow":"follow","max-snippet":"max-snippet:-1","max-image-preview":"max-image-preview:large","max-video-preview":"max-video-preview:-1"},"canonical":"https:\/\/trofeusabm.com\/ca\/gala-dels-premis-gaudi-reconeixent-lexcellencia-del-cinema-catala\/","og_locale":"ca_ES","og_type":"article","og_title":"Gala dels Premis Gaud\u00ed: reconeixent l'excel\u00b7l\u00e8ncia del cinema catal\u00e0","og_description":"Descobreix la hist\u00f2ria i l'impacte internacional de la gala dels Premis Gaud\u00ed, l'esdeveniment que celebra la riquesa del cinema catal\u00e0 i el seu llegat cultural.","og_url":"https:\/\/trofeusabm.com\/ca\/gala-dels-premis-gaudi-reconeixent-lexcellencia-del-cinema-catala\/","og_site_name":"Trofeos ABM","article_published_time":"2024-12-16T15:50:48+00:00","og_image":[{"width":600,"height":400,"url":"https:\/\/trofeusabm.com\/wp-content\/uploads\/2024\/12\/gala-premis-gaudi-e1734364153666.jpeg","type":"image\/jpeg"}],"author":"apuig","twitter_card":"summary_large_image","twitter_misc":{"Escrit per":"apuig","Temps estimat de lectura":"6 minuts"},"schema":{"@context":"https:\/\/schema.org","@graph":[{"@type":"Article","@id":"https:\/\/trofeusabm.com\/ca\/gala-dels-premis-gaudi-reconeixent-lexcellencia-del-cinema-catala\/#article","isPartOf":{"@id":"https:\/\/trofeusabm.com\/ca\/gala-dels-premis-gaudi-reconeixent-lexcellencia-del-cinema-catala\/"},"author":{"name":"apuig","@id":"https:\/\/trofeusabm.com\/ca\/#\/schema\/person\/74faa683a697408997fcd40dba5ade8c"},"headline":"Gala dels Premis Gaud\u00ed: reconeixent l&#8217;excel\u00b7l\u00e8ncia del cinema catal\u00e0","datePublished":"2024-12-16T15:50:48+00:00","mainEntityOfPage":{"@id":"https:\/\/trofeusabm.com\/ca\/gala-dels-premis-gaudi-reconeixent-lexcellencia-del-cinema-catala\/"},"wordCount":1308,"commentCount":0,"publisher":{"@id":"https:\/\/trofeusabm.com\/ca\/#organization"},"image":{"@id":"https:\/\/trofeusabm.com\/ca\/gala-dels-premis-gaudi-reconeixent-lexcellencia-del-cinema-catala\/#primaryimage"},"thumbnailUrl":"https:\/\/trofeusabm.com\/wp-content\/uploads\/2024\/12\/gala-premis-gaudi-e1734364153666.jpeg","articleSection":["Sin categorizar"],"inLanguage":"ca","potentialAction":[{"@type":"CommentAction","name":"Comment","target":["https:\/\/trofeusabm.com\/ca\/gala-dels-premis-gaudi-reconeixent-lexcellencia-del-cinema-catala\/#respond"]}]},{"@type":"WebPage","@id":"https:\/\/trofeusabm.com\/ca\/gala-dels-premis-gaudi-reconeixent-lexcellencia-del-cinema-catala\/","url":"https:\/\/trofeusabm.com\/ca\/gala-dels-premis-gaudi-reconeixent-lexcellencia-del-cinema-catala\/","name":"Gala dels Premis Gaud\u00ed: reconeixent l'excel\u00b7l\u00e8ncia del cinema catal\u00e0 - Trofeos ABM","isPartOf":{"@id":"https:\/\/trofeusabm.com\/ca\/#website"},"primaryImageOfPage":{"@id":"https:\/\/trofeusabm.com\/ca\/gala-dels-premis-gaudi-reconeixent-lexcellencia-del-cinema-catala\/#primaryimage"},"image":{"@id":"https:\/\/trofeusabm.com\/ca\/gala-dels-premis-gaudi-reconeixent-lexcellencia-del-cinema-catala\/#primaryimage"},"thumbnailUrl":"https:\/\/trofeusabm.com\/wp-content\/uploads\/2024\/12\/gala-premis-gaudi-e1734364153666.jpeg","datePublished":"2024-12-16T15:50:48+00:00","description":"Descobreix la hist\u00f2ria i l'impacte internacional de la gala dels Premis Gaud\u00ed, l'esdeveniment que celebra la riquesa del cinema catal\u00e0 i el seu llegat cultural.","breadcrumb":{"@id":"https:\/\/trofeusabm.com\/ca\/gala-dels-premis-gaudi-reconeixent-lexcellencia-del-cinema-catala\/#breadcrumb"},"inLanguage":"ca","potentialAction":[{"@type":"ReadAction","target":["https:\/\/trofeusabm.com\/ca\/gala-dels-premis-gaudi-reconeixent-lexcellencia-del-cinema-catala\/"]}]},{"@type":"ImageObject","inLanguage":"ca","@id":"https:\/\/trofeusabm.com\/ca\/gala-dels-premis-gaudi-reconeixent-lexcellencia-del-cinema-catala\/#primaryimage","url":"https:\/\/trofeusabm.com\/wp-content\/uploads\/2024\/12\/gala-premis-gaudi-e1734364153666.jpeg","contentUrl":"https:\/\/trofeusabm.com\/wp-content\/uploads\/2024\/12\/gala-premis-gaudi-e1734364153666.jpeg","width":600,"height":400,"caption":"gala premis gaudi"},{"@type":"BreadcrumbList","@id":"https:\/\/trofeusabm.com\/ca\/gala-dels-premis-gaudi-reconeixent-lexcellencia-del-cinema-catala\/#breadcrumb","itemListElement":[{"@type":"ListItem","position":1,"name":"Portada","item":"https:\/\/trofeusabm.com\/ca\/"},{"@type":"ListItem","position":2,"name":"Gala dels Premis Gaud\u00ed: reconeixent l&#8217;excel\u00b7l\u00e8ncia del cinema catal\u00e0"}]},{"@type":"WebSite","@id":"https:\/\/trofeusabm.com\/ca\/#website","url":"https:\/\/trofeusabm.com\/ca\/","name":"Trofeos ABM","description":"","publisher":{"@id":"https:\/\/trofeusabm.com\/ca\/#organization"},"potentialAction":[{"@type":"SearchAction","target":{"@type":"EntryPoint","urlTemplate":"https:\/\/trofeusabm.com\/ca\/?s={search_term_string}"},"query-input":{"@type":"PropertyValueSpecification","valueRequired":true,"valueName":"search_term_string"}}],"inLanguage":"ca"},{"@type":"Organization","@id":"https:\/\/trofeusabm.com\/ca\/#organization","name":"Trofeos ABM","url":"https:\/\/trofeusabm.com\/ca\/","logo":{"@type":"ImageObject","inLanguage":"ca","@id":"https:\/\/trofeusabm.com\/ca\/#\/schema\/logo\/image\/","url":"https:\/\/trofeusabm.com\/wp-content\/uploads\/2024\/08\/logo-1665059948.png","contentUrl":"https:\/\/trofeusabm.com\/wp-content\/uploads\/2024\/08\/logo-1665059948.png","width":320,"height":80,"caption":"Trofeos ABM"},"image":{"@id":"https:\/\/trofeusabm.com\/ca\/#\/schema\/logo\/image\/"}},{"@type":"Person","@id":"https:\/\/trofeusabm.com\/ca\/#\/schema\/person\/74faa683a697408997fcd40dba5ade8c","name":"apuig","image":{"@type":"ImageObject","inLanguage":"ca","@id":"https:\/\/trofeusabm.com\/ca\/#\/schema\/person\/image\/","url":"https:\/\/secure.gravatar.com\/avatar\/583d07f3f1036f58d0e44e873586278b582179a16b27a5b3951504e9ee001c06?s=96&d=mm&r=g","contentUrl":"https:\/\/secure.gravatar.com\/avatar\/583d07f3f1036f58d0e44e873586278b582179a16b27a5b3951504e9ee001c06?s=96&d=mm&r=g","caption":"apuig"},"url":"https:\/\/trofeusabm.com\/ca\/author\/apuig\/"}]}},"_links":{"self":[{"href":"https:\/\/trofeusabm.com\/ca\/wp-json\/wp\/v2\/posts\/10464","targetHints":{"allow":["GET"]}}],"collection":[{"href":"https:\/\/trofeusabm.com\/ca\/wp-json\/wp\/v2\/posts"}],"about":[{"href":"https:\/\/trofeusabm.com\/ca\/wp-json\/wp\/v2\/types\/post"}],"author":[{"embeddable":true,"href":"https:\/\/trofeusabm.com\/ca\/wp-json\/wp\/v2\/users\/2"}],"replies":[{"embeddable":true,"href":"https:\/\/trofeusabm.com\/ca\/wp-json\/wp\/v2\/comments?post=10464"}],"version-history":[{"count":0,"href":"https:\/\/trofeusabm.com\/ca\/wp-json\/wp\/v2\/posts\/10464\/revisions"}],"wp:featuredmedia":[{"embeddable":true,"href":"https:\/\/trofeusabm.com\/ca\/wp-json\/wp\/v2\/media\/10459"}],"wp:attachment":[{"href":"https:\/\/trofeusabm.com\/ca\/wp-json\/wp\/v2\/media?parent=10464"}],"wp:term":[{"taxonomy":"category","embeddable":true,"href":"https:\/\/trofeusabm.com\/ca\/wp-json\/wp\/v2\/categories?post=10464"},{"taxonomy":"post_tag","embeddable":true,"href":"https:\/\/trofeusabm.com\/ca\/wp-json\/wp\/v2\/tags?post=10464"}],"curies":[{"name":"wp","href":"https:\/\/api.w.org\/{rel}","templated":true}]}}