{"id":13821,"date":"2025-03-17T12:15:13","date_gmt":"2025-03-17T11:15:13","guid":{"rendered":"https:\/\/trofeusabm.com\/?p=13821"},"modified":"2025-03-17T12:15:14","modified_gmt":"2025-03-17T11:15:14","slug":"volta-ciclista-a-catalunya","status":"publish","type":"post","link":"https:\/\/trofeusabm.com\/ca\/volta-ciclista-a-catalunya\/","title":{"rendered":"Com la Volta Ciclista a Catalunya ha conquerit el calendari del ciclisme mundial"},"content":{"rendered":"<p data-start=\"99\" data-end=\"593\"><strong data-start=\"99\" data-end=\"199\">Muntanyes imponents, carreteres serpentejants i paisatges que combinen el mar i l&#8217;alta muntanya.<\/strong> <strong data-start=\"200\" data-end=\"213\">Catalunya<\/strong> ofereix un terreny inigualable per al ciclisme, fet que la converteix en l&#8217;escenari perfecte per a una de les <strong data-start=\"324\" data-end=\"369\">competicions m\u00e9s importants del calendari<\/strong>. Al llarg de diversos dies, aquesta prova recorre alguns dels racons m\u00e9s emblem\u00e0tics de la regi\u00f3 i atrau l\u2019atenci\u00f3 d\u2019aficionats i experts en ciclisme. Aquest esdeveniment no \u00e9s altre que la <strong data-start=\"560\" data-end=\"590\">Volta Ciclista a Catalunya<\/strong>.<\/p>\n<p data-start=\"595\" data-end=\"785\">La seva import\u00e0ncia \u00e9s tal que reuneix els millors ciclistes del m\u00f3n i fins i tot forma part del prestigi\u00f3s circuit <strong data-start=\"711\" data-end=\"728\">UCI WorldTour<\/strong>. Vols con\u00e8ixer tot sobre aquesta important competici\u00f3?<\/p>\n<p data-start=\"787\" data-end=\"1020\">A <a href=\"https:\/\/trofeusabm.com\/ca\/\" target=\"_new\" rel=\"noopener\" data-start=\"789\" data-end=\"834\"><strong data-start=\"790\" data-end=\"805\">Trofeus ABM<\/strong><\/a>, especialistes en el disseny i fabricaci\u00f3 de trofeus personalitzats, t&#8217;expliquem el recorregut i la seva rellev\u00e0ncia per al ciclisme mundial. Primer, comencem amb una mica d\u2019hist\u00f2ria.<\/p>\n<h2 data-start=\"1022\" data-end=\"1081\"><strong data-start=\"1025\" data-end=\"1079\">Hist\u00f2ria i origen de la Volta Ciclista a Catalunya<\/strong><\/h2>\n<p data-start=\"1083\" data-end=\"1524\">\u00c9s una de les competicions m\u00e9s antigues i prestigioses del ciclisme internacional. <strong data-start=\"1166\" data-end=\"1185\">Fundada el 1911<\/strong>, va comen\u00e7ar com un esdeveniment local, per\u00f2 r\u00e0pidament va guanyar reconeixement en l&#8217;\u00e0mbit europeu. La seva fundaci\u00f3 va tenir lloc en un context hist\u00f2ric en qu\u00e8 el ciclisme <strong data-start=\"1360\" data-end=\"1423\">comen\u00e7ava a consolidar-se com a esport competitiu a Espanya<\/strong>, i la regi\u00f3 catalana es convertia en un dels punts de refer\u00e8ncia per als amants de les dues rodes.<\/p>\n<p data-start=\"1526\" data-end=\"2065\">Durant les seves primeres edicions, la <strong data-start=\"1565\" data-end=\"1595\">Volta Ciclista a Catalunya<\/strong> nom\u00e9s constava d\u2019algunes etapes al llarg de la regi\u00f3, per\u00f2 la seva popularitat i l\u2019atractiu del seu recorregut muntany\u00f3s van portar a la seva expansi\u00f3. En els primers anys, ciclistes com <strong data-start=\"1783\" data-end=\"1800\">Miquel Poblet<\/strong>, un aut\u00e8ntic pioner en el ciclisme espanyol, es van fer coneguts gr\u00e0cies a les seves vict\u00f2ries en la prova. Amb el pas dels anys, l\u2019esdeveniment ha crescut i evolucionat, fins a convertir-se en una cita ineludible per a equips i ciclistes d\u2019elit d\u2019arreu del m\u00f3n.<\/p>\n<p data-start=\"2067\" data-end=\"2415\">La import\u00e0ncia de la <strong data-start=\"2088\" data-end=\"2118\">Volta Ciclista a Catalunya<\/strong> ha quedat reflectida en la participaci\u00f3 de grans figures com <strong data-start=\"2180\" data-end=\"2196\">Fausto Coppi<\/strong>, <strong data-start=\"2198\" data-end=\"2213\">Eddy Merckx<\/strong>, i m\u00e9s recentment, <strong data-start=\"2233\" data-end=\"2253\">Alberto Contador<\/strong> i <strong data-start=\"2256\" data-end=\"2278\">Alejandro Valverde<\/strong>, que han deixat la seva empremta en aquesta prova i han ajudat a consolidar-la com un referent en el calendari ciclista internacional.<\/p>\n<h2 data-start=\"2417\" data-end=\"2463\"><strong data-start=\"2420\" data-end=\"2461\">Quantes etapes t\u00e9 la Volta Catalunya?<\/strong><\/h2>\n<p data-start=\"2465\" data-end=\"2969\">En el seu format m\u00e9s habitual, consta de <strong data-start=\"2506\" data-end=\"2518\">7 etapes<\/strong> que es distribueixen estrat\u00e8gicament al llarg de la regi\u00f3. Les etapes combinen recorreguts d\u2019alta muntanya, etapes planes i contrarellotges, fet que permet als ciclistes demostrar la seva versatilitat. Per a l\u2019edici\u00f3 de 2025, s\u2019espera que l\u2019esdeveniment segueixi aquesta estructura, amb etapes que es desenvolupen en alguns dels paratges m\u00e9s emblem\u00e0tics de Catalunya, com els <strong data-start=\"2895\" data-end=\"2907\">Pirineus<\/strong>, i que desafien fins i tot els corredors m\u00e9s experimentats.<\/p>\n<p data-start=\"2971\" data-end=\"3386\">Cada etapa est\u00e0 dissenyada per <strong data-start=\"3002\" data-end=\"3055\">posar a prova diferents habilitats dels ciclistes<\/strong>: les etapes de muntanya destaquen per l\u2019exig\u00e8ncia del seu pendent, mentre que les etapes planes permeten que els velocistes demostrin la seva capacitat en els sprints finals. Les etapes de contrarellotge, per la seva banda, permeten que els especialistes en aquest tipus de proves prenguin avantatge en la classificaci\u00f3 general.<\/p>\n<h2 data-start=\"3388\" data-end=\"3427\"><strong data-start=\"3391\" data-end=\"3425\">Quant dura la Volta Catalunya?<\/strong><\/h2>\n<p data-start=\"3429\" data-end=\"3842\">La <strong data-start=\"3432\" data-end=\"3462\">Volta Ciclista a Catalunya<\/strong> se celebra al llarg d\u2019una setmana, generalment entre finals de mar\u00e7 i principis d\u2019abril. La durada total de l\u2019esdeveniment \u00e9s de <strong data-start=\"3592\" data-end=\"3602\">7 dies<\/strong>, amb una etapa disputada cada jornada. L\u2019edici\u00f3 de 2025 no ser\u00e0 una excepci\u00f3, i s\u2019espera que l\u2019esdeveniment s\u2019estengui al llarg d\u2019una setmana completa, amb jornades d\u2019alta intensitat que desafiaran tant els ciclistes com els seus equips.<\/p>\n<h3 data-start=\"3844\" data-end=\"3897\"><strong data-start=\"3848\" data-end=\"3895\">Quan passa la Volta Ciclista per Barcelona?<\/strong><\/h3>\n<p data-start=\"3899\" data-end=\"4230\">La cursa <strong data-start=\"3908\" data-end=\"3935\">sol comen\u00e7ar un dilluns<\/strong>, amb l\u2019etapa inaugural donant el tret de sortida en una localitat destacada de Catalunya. Al llarg de la setmana, els participants s\u2019enfronten a diversos tipus de recorreguts, amb l\u2019objectiu d\u2019arribar a <strong data-start=\"4139\" data-end=\"4169\">l\u2019\u00faltima etapa a Barcelona<\/strong>, on la classificaci\u00f3 final es decideix a la ciutat comtal.<\/p>\n<h2 data-start=\"4232\" data-end=\"4274\"><strong data-start=\"4235\" data-end=\"4272\">Recorregut i etapes emblem\u00e0tiques<\/strong><\/h2>\n<p data-start=\"4276\" data-end=\"4751\">Un dels aspectes m\u00e9s destacats de la <strong data-start=\"4313\" data-end=\"4343\">Volta Ciclista a Catalunya<\/strong> \u00e9s el seu recorregut, que travessa alguns dels paisatges m\u00e9s bells de la regi\u00f3. Les etapes de muntanya s\u00f3n particularment representatives, ja que els ciclistes han d\u2019afrontar ascensos desafiants com el <strong data-start=\"4546\" data-end=\"4568\">Coll de la Creueta<\/strong>, el <strong data-start=\"4573\" data-end=\"4596\">Port de la Bonaigua<\/strong> i el <strong data-start=\"4602\" data-end=\"4618\">Vallter 2000<\/strong>. Aquests ports de muntanya s\u00f3n punts crucials de la cursa, on els ciclistes demostren la seva destresa i capacitat de resist\u00e8ncia.<\/p>\n<p data-start=\"4753\" data-end=\"5122\">A m\u00e9s, la Volta tamb\u00e9 inclou etapes de contrarellotge, que permeten que els ciclistes posin a prova la seva velocitat i control en dist\u00e0ncies m\u00e9s curtes per\u00f2 igualment exigents. En el cas de l\u2019edici\u00f3 2025, s\u2019anticipa que el tra\u00e7at inclour\u00e0 algunes d\u2019aquestes rutes cl\u00e0ssiques i passar\u00e0 per llocs emblem\u00e0tics com <strong data-start=\"5065\" data-end=\"5078\">Port Ain\u00e9<\/strong>, <strong data-start=\"5080\" data-end=\"5091\">Queralt<\/strong>, <strong data-start=\"5093\" data-end=\"5106\">Altafulla<\/strong> i <strong data-start=\"5109\" data-end=\"5119\">Matar\u00f3<\/strong>.<\/p>\n<p data-start=\"5124\" data-end=\"5624\">Una de les etapes m\u00e9s esperades \u00e9s la que inclou Barcelona, ja que no nom\u00e9s representa un repte f\u00edsic, sin\u00f3 tamb\u00e9 <strong data-start=\"5238\" data-end=\"5274\">un espectacle per als aficionats<\/strong>. Els ciclistes recorren les principals art\u00e8ries de la ciutat, passant per monuments emblem\u00e0tics com la Sagrada Fam\u00edlia, el Parc G\u00fcell i el Passeig de Gr\u00e0cia. El pas per Barcelona \u00e9s, sens dubte, un dels moments m\u00e9s emocionants de la Volta, tant per als ciclistes com per als seguidors que omplen els carrers per animar els seus corredors favorits.<\/p>\n<h2 data-start=\"88\" data-end=\"165\"><strong data-start=\"92\" data-end=\"165\">Import\u00e0ncia de la Volta Ciclista a Catalunya en el calendari ciclista<\/strong><\/h2>\n<p data-start=\"167\" data-end=\"491\">La competici\u00f3 t\u00e9 un lloc privilegiat en el calendari del ciclisme internacional en destacar com <strong data-start=\"263\" data-end=\"324\">una de les competicions m\u00e9s rellevants de l&#8217;UCI WorldTour<\/strong>. Encara que no t\u00e9 la magnitud d&#8217;altres grans competicions com el Tour de Fran\u00e7a o la Vuelta a Espanya, el seu impacte \u00e9s innegable. Forma part del circuit professional i mant\u00e9 una gran rellev\u00e0ncia.<\/p>\n<p data-start=\"493\" data-end=\"1004\">La cursa catalana \u00e9s un <strong data-start=\"517\" data-end=\"533\">test crucial<\/strong> per a molts ciclistes que preparen la seva participaci\u00f3 en altres grans proves de la temporada. L&#8217;exig\u00e8ncia del recorregut i la qualitat dels equips participants fan d\u2019aquesta competici\u00f3 un repte de primer nivell. A m\u00e9s, les rutes de muntanya ofereixen una oportunitat ideal per mesurar l&#8217;estat de forma dels corredors abans dels grans tours.\u00a0A m\u00e9s, \u00e9s una de les primeres competicions de renom en el calendari europeu, cosa que li dona un car\u00e0cter especial.<\/p>\n<p data-start=\"1006\" data-end=\"1242\">Per als equips, la <strong data-start=\"1025\" data-end=\"1055\">Volta Ciclista a Catalunya<\/strong> tamb\u00e9 \u00e9s un gran aparador. No nom\u00e9s es tracta d\u2019aconseguir vict\u00f2ries individuals, sin\u00f3 de <strong data-start=\"1146\" data-end=\"1190\">lograr una bona classificaci\u00f3 per equips<\/strong>, la qual cosa \u00e9s crucial en el seu r\u00e0nquing global.<\/p>\n<p><img fetchpriority=\"high\" decoding=\"async\" class=\"wp-image-13816 size-full aligncenter\" src=\"https:\/\/trofeusabm.com\/wp-content\/uploads\/2025\/03\/volta-ciclista-a-catalunya-trofeus-abm.jpg\" alt=\"volta ciclista a catalunya - trofeus abm\" width=\"1024\" height=\"532\" srcset=\"https:\/\/trofeusabm.com\/wp-content\/uploads\/2025\/03\/volta-ciclista-a-catalunya-trofeus-abm.jpg 1024w, https:\/\/trofeusabm.com\/wp-content\/uploads\/2025\/03\/volta-ciclista-a-catalunya-trofeus-abm-300x156.jpg 300w, https:\/\/trofeusabm.com\/wp-content\/uploads\/2025\/03\/volta-ciclista-a-catalunya-trofeus-abm-768x399.jpg 768w, https:\/\/trofeusabm.com\/wp-content\/uploads\/2025\/03\/volta-ciclista-a-catalunya-trofeus-abm-600x312.jpg 600w\" sizes=\"(max-width: 1024px) 100vw, 1024px\" \/><\/p>\n<h2 data-start=\"1388\" data-end=\"1434\"><strong data-start=\"1392\" data-end=\"1434\">Celebra els teus \u00e8xits amb Trofeus ABM<\/strong><\/h2>\n<p data-start=\"1436\" data-end=\"1687\">La <strong data-start=\"1439\" data-end=\"1469\">Volta Ciclista a Catalunya<\/strong> ha deixat una petjada inesborrable en la hist\u00f2ria del ciclisme. Amb el seu recorregut desafiador i la seva capacitat per reunir els millors ciclistes del m\u00f3n, continua sent una de les grans competicions del calendari.<\/p>\n<p data-start=\"1689\" data-end=\"2011\">A mesura que la cursa continua evolucionant, el seu llegat en el ciclisme mundial es mant\u00e9 m\u00e9s fort que mai. Per a aquells que celebren l&#8217;esfor\u00e7 i la vict\u00f2ria en aquest esport. Un <strong data-start=\"1869\" data-end=\"1893\">trofeu personalitzat<\/strong> de <strong data-start=\"1897\" data-end=\"1912\">Trofeus ABM<\/strong> \u00e9s la manera perfecta de recon\u00e8ixer els \u00e8xits i mantenir vius els records d\u2019aquests esdeveniments.<\/p>\n<p data-start=\"2013\" data-end=\"2321\">El nostre equip s\u2019encarrega de plasmar l\u2019ess\u00e8ncia de cada \u00e8xit en trofeus \u00fanics, dissenyats amb precisi\u00f3 i dedicaci\u00f3. Cada pe\u00e7a es crea a mida, cuidant els detalls que fan \u00fanica cada vict\u00f2ria. Aix\u00ed, qui la rep pot recordar sempre l\u2019esfor\u00e7 i la dedicaci\u00f3 invertits per arribar al cim.<\/p>\n<p data-start=\"2323\" data-end=\"2588\" data-is-last-node=\"\" data-is-only-node=\"\">Si busques crear un trofeu, medalla, placa d\u2019homenatge o copa especial per commemorar una vict\u00f2ria o un esdeveniment esportiu, no dubtis a <a href=\"https:\/\/trofeusabm.com\/ca\/contacte\/\" target=\"_new\" rel=\"noopener\" data-start=\"789\" data-end=\"834\"><strong>contactar<\/strong><\/a><strong> amb nosaltres<\/strong>. Celebra amb <strong data-start=\"2542\" data-end=\"2557\">Trofeus ABM<\/strong> l\u2019esfor\u00e7 i l\u2019\u00e8xit en l\u2019esport!<\/p>\n","protected":false},"excerpt":{"rendered":"<p>Muntanyes imponents, carreteres serpentejants i paisatges que combinen el mar i l&#8217;alta muntanya. Catalunya ofereix un terreny inigualable per al ciclisme, fet que la converteix en l&#8217;escenari perfecte per a una de les competicions m\u00e9s importants del calendari. Al llarg de diversos dies, aquesta prova recorre alguns dels racons m\u00e9s emblem\u00e0tics de la regi\u00f3 i &#8230; <a title=\"Com la Volta Ciclista a Catalunya ha conquerit el calendari del ciclisme mundial\" class=\"read-more\" href=\"https:\/\/trofeusabm.com\/ca\/volta-ciclista-a-catalunya\/\" aria-label=\"M\u00e9s informaci\u00f3 sobre Com la Volta Ciclista a Catalunya ha conquerit el calendari del ciclisme mundial\">Llegiu m\u00e9s<\/a><\/p>\n","protected":false},"author":2,"featured_media":13815,"comment_status":"open","ping_status":"open","sticky":false,"template":"","format":"standard","meta":{"footnotes":""},"categories":[21],"tags":[],"class_list":["post-13821","post","type-post","status-publish","format-standard","has-post-thumbnail","hentry","category-sin-categorizar"],"yoast_head":"<!-- This site is optimized with the Yoast SEO Premium plugin v22.8 (Yoast SEO v27.1) - https:\/\/yoast.com\/product\/yoast-seo-premium-wordpress\/ -->\n<title>Com la Volta Ciclista a Catalunya ha conquerit el calendari del ciclisme mundial - Trofeos ABM<\/title>\n<meta name=\"description\" content=\"Descobreix la Volta Ciclista a Catalunya: la seva hist\u00f2ria, etapes emblem\u00e0tiques i la seva import\u00e0ncia en el ciclisme mundial.\" \/>\n<meta name=\"robots\" content=\"index, follow, max-snippet:-1, max-image-preview:large, max-video-preview:-1\" \/>\n<link rel=\"canonical\" href=\"https:\/\/trofeusabm.com\/ca\/volta-ciclista-a-catalunya\/\" \/>\n<meta property=\"og:locale\" content=\"ca_ES\" \/>\n<meta property=\"og:type\" content=\"article\" \/>\n<meta property=\"og:title\" content=\"Com la Volta Ciclista a Catalunya ha conquerit el calendari del ciclisme mundial\" \/>\n<meta property=\"og:description\" content=\"Descobreix la Volta Ciclista a Catalunya: la seva hist\u00f2ria, etapes emblem\u00e0tiques i la seva import\u00e0ncia en el ciclisme mundial.\" \/>\n<meta property=\"og:url\" content=\"https:\/\/trofeusabm.com\/ca\/volta-ciclista-a-catalunya\/\" \/>\n<meta property=\"og:site_name\" content=\"Trofeos ABM\" \/>\n<meta property=\"article:published_time\" content=\"2025-03-17T11:15:13+00:00\" \/>\n<meta property=\"article:modified_time\" content=\"2025-03-17T11:15:14+00:00\" \/>\n<meta property=\"og:image\" content=\"https:\/\/trofeusabm.com\/wp-content\/uploads\/2025\/03\/volta-ciclista-a-catalunya.jpg\" \/>\n\t<meta property=\"og:image:width\" content=\"1024\" \/>\n\t<meta property=\"og:image:height\" content=\"532\" \/>\n\t<meta property=\"og:image:type\" content=\"image\/jpeg\" \/>\n<meta name=\"author\" content=\"apuig\" \/>\n<meta name=\"twitter:card\" content=\"summary_large_image\" \/>\n<meta name=\"twitter:label1\" content=\"Escrit per\" \/>\n\t<meta name=\"twitter:data1\" content=\"apuig\" \/>\n\t<meta name=\"twitter:label2\" content=\"Temps estimat de lectura\" \/>\n\t<meta name=\"twitter:data2\" content=\"6 minuts\" \/>\n<script type=\"application\/ld+json\" class=\"yoast-schema-graph\">{\"@context\":\"https:\/\/schema.org\",\"@graph\":[{\"@type\":\"Article\",\"@id\":\"https:\/\/trofeusabm.com\/ca\/volta-ciclista-a-catalunya\/#article\",\"isPartOf\":{\"@id\":\"https:\/\/trofeusabm.com\/ca\/volta-ciclista-a-catalunya\/\"},\"author\":{\"name\":\"apuig\",\"@id\":\"https:\/\/trofeusabm.com\/ca\/#\/schema\/person\/74faa683a697408997fcd40dba5ade8c\"},\"headline\":\"Com la Volta Ciclista a Catalunya ha conquerit el calendari del ciclisme mundial\",\"datePublished\":\"2025-03-17T11:15:13+00:00\",\"dateModified\":\"2025-03-17T11:15:14+00:00\",\"mainEntityOfPage\":{\"@id\":\"https:\/\/trofeusabm.com\/ca\/volta-ciclista-a-catalunya\/\"},\"wordCount\":1341,\"commentCount\":0,\"publisher\":{\"@id\":\"https:\/\/trofeusabm.com\/ca\/#organization\"},\"image\":{\"@id\":\"https:\/\/trofeusabm.com\/ca\/volta-ciclista-a-catalunya\/#primaryimage\"},\"thumbnailUrl\":\"https:\/\/trofeusabm.com\/wp-content\/uploads\/2025\/03\/volta-ciclista-a-catalunya.jpg\",\"articleSection\":[\"Sin categorizar\"],\"inLanguage\":\"ca\",\"potentialAction\":[{\"@type\":\"CommentAction\",\"name\":\"Comment\",\"target\":[\"https:\/\/trofeusabm.com\/ca\/volta-ciclista-a-catalunya\/#respond\"]}]},{\"@type\":\"WebPage\",\"@id\":\"https:\/\/trofeusabm.com\/ca\/volta-ciclista-a-catalunya\/\",\"url\":\"https:\/\/trofeusabm.com\/ca\/volta-ciclista-a-catalunya\/\",\"name\":\"Com la Volta Ciclista a Catalunya ha conquerit el calendari del ciclisme mundial - Trofeos ABM\",\"isPartOf\":{\"@id\":\"https:\/\/trofeusabm.com\/ca\/#website\"},\"primaryImageOfPage\":{\"@id\":\"https:\/\/trofeusabm.com\/ca\/volta-ciclista-a-catalunya\/#primaryimage\"},\"image\":{\"@id\":\"https:\/\/trofeusabm.com\/ca\/volta-ciclista-a-catalunya\/#primaryimage\"},\"thumbnailUrl\":\"https:\/\/trofeusabm.com\/wp-content\/uploads\/2025\/03\/volta-ciclista-a-catalunya.jpg\",\"datePublished\":\"2025-03-17T11:15:13+00:00\",\"dateModified\":\"2025-03-17T11:15:14+00:00\",\"description\":\"Descobreix la Volta Ciclista a Catalunya: la seva hist\u00f2ria, etapes emblem\u00e0tiques i la seva import\u00e0ncia en el ciclisme mundial.\",\"breadcrumb\":{\"@id\":\"https:\/\/trofeusabm.com\/ca\/volta-ciclista-a-catalunya\/#breadcrumb\"},\"inLanguage\":\"ca\",\"potentialAction\":[{\"@type\":\"ReadAction\",\"target\":[\"https:\/\/trofeusabm.com\/ca\/volta-ciclista-a-catalunya\/\"]}]},{\"@type\":\"ImageObject\",\"inLanguage\":\"ca\",\"@id\":\"https:\/\/trofeusabm.com\/ca\/volta-ciclista-a-catalunya\/#primaryimage\",\"url\":\"https:\/\/trofeusabm.com\/wp-content\/uploads\/2025\/03\/volta-ciclista-a-catalunya.jpg\",\"contentUrl\":\"https:\/\/trofeusabm.com\/wp-content\/uploads\/2025\/03\/volta-ciclista-a-catalunya.jpg\",\"width\":1024,\"height\":532,\"caption\":\"volta ciclista a catalunya\"},{\"@type\":\"BreadcrumbList\",\"@id\":\"https:\/\/trofeusabm.com\/ca\/volta-ciclista-a-catalunya\/#breadcrumb\",\"itemListElement\":[{\"@type\":\"ListItem\",\"position\":1,\"name\":\"Portada\",\"item\":\"https:\/\/trofeusabm.com\/ca\/\"},{\"@type\":\"ListItem\",\"position\":2,\"name\":\"Com la Volta Ciclista a Catalunya ha conquerit el calendari del ciclisme mundial\"}]},{\"@type\":\"WebSite\",\"@id\":\"https:\/\/trofeusabm.com\/ca\/#website\",\"url\":\"https:\/\/trofeusabm.com\/ca\/\",\"name\":\"Trofeos ABM\",\"description\":\"\",\"publisher\":{\"@id\":\"https:\/\/trofeusabm.com\/ca\/#organization\"},\"potentialAction\":[{\"@type\":\"SearchAction\",\"target\":{\"@type\":\"EntryPoint\",\"urlTemplate\":\"https:\/\/trofeusabm.com\/ca\/?s={search_term_string}\"},\"query-input\":{\"@type\":\"PropertyValueSpecification\",\"valueRequired\":true,\"valueName\":\"search_term_string\"}}],\"inLanguage\":\"ca\"},{\"@type\":\"Organization\",\"@id\":\"https:\/\/trofeusabm.com\/ca\/#organization\",\"name\":\"Trofeos ABM\",\"url\":\"https:\/\/trofeusabm.com\/ca\/\",\"logo\":{\"@type\":\"ImageObject\",\"inLanguage\":\"ca\",\"@id\":\"https:\/\/trofeusabm.com\/ca\/#\/schema\/logo\/image\/\",\"url\":\"https:\/\/trofeusabm.com\/wp-content\/uploads\/2024\/08\/logo-1665059948.png\",\"contentUrl\":\"https:\/\/trofeusabm.com\/wp-content\/uploads\/2024\/08\/logo-1665059948.png\",\"width\":320,\"height\":80,\"caption\":\"Trofeos ABM\"},\"image\":{\"@id\":\"https:\/\/trofeusabm.com\/ca\/#\/schema\/logo\/image\/\"}},{\"@type\":\"Person\",\"@id\":\"https:\/\/trofeusabm.com\/ca\/#\/schema\/person\/74faa683a697408997fcd40dba5ade8c\",\"name\":\"apuig\",\"image\":{\"@type\":\"ImageObject\",\"inLanguage\":\"ca\",\"@id\":\"https:\/\/trofeusabm.com\/ca\/#\/schema\/person\/image\/\",\"url\":\"https:\/\/secure.gravatar.com\/avatar\/583d07f3f1036f58d0e44e873586278b582179a16b27a5b3951504e9ee001c06?s=96&d=mm&r=g\",\"contentUrl\":\"https:\/\/secure.gravatar.com\/avatar\/583d07f3f1036f58d0e44e873586278b582179a16b27a5b3951504e9ee001c06?s=96&d=mm&r=g\",\"caption\":\"apuig\"},\"url\":\"https:\/\/trofeusabm.com\/ca\/author\/apuig\/\"}]}<\/script>\n<!-- \/ Yoast SEO Premium plugin. -->","yoast_head_json":{"title":"Com la Volta Ciclista a Catalunya ha conquerit el calendari del ciclisme mundial - Trofeos ABM","description":"Descobreix la Volta Ciclista a Catalunya: la seva hist\u00f2ria, etapes emblem\u00e0tiques i la seva import\u00e0ncia en el ciclisme mundial.","robots":{"index":"index","follow":"follow","max-snippet":"max-snippet:-1","max-image-preview":"max-image-preview:large","max-video-preview":"max-video-preview:-1"},"canonical":"https:\/\/trofeusabm.com\/ca\/volta-ciclista-a-catalunya\/","og_locale":"ca_ES","og_type":"article","og_title":"Com la Volta Ciclista a Catalunya ha conquerit el calendari del ciclisme mundial","og_description":"Descobreix la Volta Ciclista a Catalunya: la seva hist\u00f2ria, etapes emblem\u00e0tiques i la seva import\u00e0ncia en el ciclisme mundial.","og_url":"https:\/\/trofeusabm.com\/ca\/volta-ciclista-a-catalunya\/","og_site_name":"Trofeos ABM","article_published_time":"2025-03-17T11:15:13+00:00","article_modified_time":"2025-03-17T11:15:14+00:00","og_image":[{"width":1024,"height":532,"url":"https:\/\/trofeusabm.com\/wp-content\/uploads\/2025\/03\/volta-ciclista-a-catalunya.jpg","type":"image\/jpeg"}],"author":"apuig","twitter_card":"summary_large_image","twitter_misc":{"Escrit per":"apuig","Temps estimat de lectura":"6 minuts"},"schema":{"@context":"https:\/\/schema.org","@graph":[{"@type":"Article","@id":"https:\/\/trofeusabm.com\/ca\/volta-ciclista-a-catalunya\/#article","isPartOf":{"@id":"https:\/\/trofeusabm.com\/ca\/volta-ciclista-a-catalunya\/"},"author":{"name":"apuig","@id":"https:\/\/trofeusabm.com\/ca\/#\/schema\/person\/74faa683a697408997fcd40dba5ade8c"},"headline":"Com la Volta Ciclista a Catalunya ha conquerit el calendari del ciclisme mundial","datePublished":"2025-03-17T11:15:13+00:00","dateModified":"2025-03-17T11:15:14+00:00","mainEntityOfPage":{"@id":"https:\/\/trofeusabm.com\/ca\/volta-ciclista-a-catalunya\/"},"wordCount":1341,"commentCount":0,"publisher":{"@id":"https:\/\/trofeusabm.com\/ca\/#organization"},"image":{"@id":"https:\/\/trofeusabm.com\/ca\/volta-ciclista-a-catalunya\/#primaryimage"},"thumbnailUrl":"https:\/\/trofeusabm.com\/wp-content\/uploads\/2025\/03\/volta-ciclista-a-catalunya.jpg","articleSection":["Sin categorizar"],"inLanguage":"ca","potentialAction":[{"@type":"CommentAction","name":"Comment","target":["https:\/\/trofeusabm.com\/ca\/volta-ciclista-a-catalunya\/#respond"]}]},{"@type":"WebPage","@id":"https:\/\/trofeusabm.com\/ca\/volta-ciclista-a-catalunya\/","url":"https:\/\/trofeusabm.com\/ca\/volta-ciclista-a-catalunya\/","name":"Com la Volta Ciclista a Catalunya ha conquerit el calendari del ciclisme mundial - Trofeos ABM","isPartOf":{"@id":"https:\/\/trofeusabm.com\/ca\/#website"},"primaryImageOfPage":{"@id":"https:\/\/trofeusabm.com\/ca\/volta-ciclista-a-catalunya\/#primaryimage"},"image":{"@id":"https:\/\/trofeusabm.com\/ca\/volta-ciclista-a-catalunya\/#primaryimage"},"thumbnailUrl":"https:\/\/trofeusabm.com\/wp-content\/uploads\/2025\/03\/volta-ciclista-a-catalunya.jpg","datePublished":"2025-03-17T11:15:13+00:00","dateModified":"2025-03-17T11:15:14+00:00","description":"Descobreix la Volta Ciclista a Catalunya: la seva hist\u00f2ria, etapes emblem\u00e0tiques i la seva import\u00e0ncia en el ciclisme mundial.","breadcrumb":{"@id":"https:\/\/trofeusabm.com\/ca\/volta-ciclista-a-catalunya\/#breadcrumb"},"inLanguage":"ca","potentialAction":[{"@type":"ReadAction","target":["https:\/\/trofeusabm.com\/ca\/volta-ciclista-a-catalunya\/"]}]},{"@type":"ImageObject","inLanguage":"ca","@id":"https:\/\/trofeusabm.com\/ca\/volta-ciclista-a-catalunya\/#primaryimage","url":"https:\/\/trofeusabm.com\/wp-content\/uploads\/2025\/03\/volta-ciclista-a-catalunya.jpg","contentUrl":"https:\/\/trofeusabm.com\/wp-content\/uploads\/2025\/03\/volta-ciclista-a-catalunya.jpg","width":1024,"height":532,"caption":"volta ciclista a catalunya"},{"@type":"BreadcrumbList","@id":"https:\/\/trofeusabm.com\/ca\/volta-ciclista-a-catalunya\/#breadcrumb","itemListElement":[{"@type":"ListItem","position":1,"name":"Portada","item":"https:\/\/trofeusabm.com\/ca\/"},{"@type":"ListItem","position":2,"name":"Com la Volta Ciclista a Catalunya ha conquerit el calendari del ciclisme mundial"}]},{"@type":"WebSite","@id":"https:\/\/trofeusabm.com\/ca\/#website","url":"https:\/\/trofeusabm.com\/ca\/","name":"Trofeos ABM","description":"","publisher":{"@id":"https:\/\/trofeusabm.com\/ca\/#organization"},"potentialAction":[{"@type":"SearchAction","target":{"@type":"EntryPoint","urlTemplate":"https:\/\/trofeusabm.com\/ca\/?s={search_term_string}"},"query-input":{"@type":"PropertyValueSpecification","valueRequired":true,"valueName":"search_term_string"}}],"inLanguage":"ca"},{"@type":"Organization","@id":"https:\/\/trofeusabm.com\/ca\/#organization","name":"Trofeos ABM","url":"https:\/\/trofeusabm.com\/ca\/","logo":{"@type":"ImageObject","inLanguage":"ca","@id":"https:\/\/trofeusabm.com\/ca\/#\/schema\/logo\/image\/","url":"https:\/\/trofeusabm.com\/wp-content\/uploads\/2024\/08\/logo-1665059948.png","contentUrl":"https:\/\/trofeusabm.com\/wp-content\/uploads\/2024\/08\/logo-1665059948.png","width":320,"height":80,"caption":"Trofeos ABM"},"image":{"@id":"https:\/\/trofeusabm.com\/ca\/#\/schema\/logo\/image\/"}},{"@type":"Person","@id":"https:\/\/trofeusabm.com\/ca\/#\/schema\/person\/74faa683a697408997fcd40dba5ade8c","name":"apuig","image":{"@type":"ImageObject","inLanguage":"ca","@id":"https:\/\/trofeusabm.com\/ca\/#\/schema\/person\/image\/","url":"https:\/\/secure.gravatar.com\/avatar\/583d07f3f1036f58d0e44e873586278b582179a16b27a5b3951504e9ee001c06?s=96&d=mm&r=g","contentUrl":"https:\/\/secure.gravatar.com\/avatar\/583d07f3f1036f58d0e44e873586278b582179a16b27a5b3951504e9ee001c06?s=96&d=mm&r=g","caption":"apuig"},"url":"https:\/\/trofeusabm.com\/ca\/author\/apuig\/"}]}},"_links":{"self":[{"href":"https:\/\/trofeusabm.com\/ca\/wp-json\/wp\/v2\/posts\/13821","targetHints":{"allow":["GET"]}}],"collection":[{"href":"https:\/\/trofeusabm.com\/ca\/wp-json\/wp\/v2\/posts"}],"about":[{"href":"https:\/\/trofeusabm.com\/ca\/wp-json\/wp\/v2\/types\/post"}],"author":[{"embeddable":true,"href":"https:\/\/trofeusabm.com\/ca\/wp-json\/wp\/v2\/users\/2"}],"replies":[{"embeddable":true,"href":"https:\/\/trofeusabm.com\/ca\/wp-json\/wp\/v2\/comments?post=13821"}],"version-history":[{"count":10,"href":"https:\/\/trofeusabm.com\/ca\/wp-json\/wp\/v2\/posts\/13821\/revisions"}],"predecessor-version":[{"id":13831,"href":"https:\/\/trofeusabm.com\/ca\/wp-json\/wp\/v2\/posts\/13821\/revisions\/13831"}],"wp:featuredmedia":[{"embeddable":true,"href":"https:\/\/trofeusabm.com\/ca\/wp-json\/wp\/v2\/media\/13815"}],"wp:attachment":[{"href":"https:\/\/trofeusabm.com\/ca\/wp-json\/wp\/v2\/media?parent=13821"}],"wp:term":[{"taxonomy":"category","embeddable":true,"href":"https:\/\/trofeusabm.com\/ca\/wp-json\/wp\/v2\/categories?post=13821"},{"taxonomy":"post_tag","embeddable":true,"href":"https:\/\/trofeusabm.com\/ca\/wp-json\/wp\/v2\/tags?post=13821"}],"curies":[{"name":"wp","href":"https:\/\/api.w.org\/{rel}","templated":true}]}}