{"id":906,"date":"2024-06-26T09:27:02","date_gmt":"2024-06-26T07:27:02","guid":{"rendered":"https:\/\/trofeusabm.com\/Blog\/index.php\/2024\/06\/26\/fiestas-mayores-y-actos-populares-de-cataluna-en-verano\/"},"modified":"2024-11-21T13:09:24","modified_gmt":"2024-11-21T12:09:24","slug":"festes-majors-i-actes-populars-de-catalunya-a-l-estiu","status":"publish","type":"post","link":"https:\/\/trofeusabm.com\/ca\/festes-majors-i-actes-populars-de-catalunya-a-l-estiu\/","title":{"rendered":"Festes Majors i actes populars de Catalunya a l&#8217;estiu"},"content":{"rendered":"<p><span style=\"font-weight: 400;\">Les festivitats locals s\u00f3n un llegat cultural que reflecteix com els nostres avantpassats comprenien el m\u00f3n. Elements del folklore com dracs, gegants, fades i follets representen la hist\u00f2ria i les tradicions d&#8217;una comunitat. Per aix\u00f2, \u00e9s crucial preservar i promoure celebracions com les festes majors. Aix\u00ed les futures generacions no nom\u00e9s les podran gaudir, sin\u00f3 que tamb\u00e9 comprendran millor les seves arrels i continuaran el seu llegat.<\/span><\/p>\n<p><span style=\"font-weight: 400;\">Per aix\u00f2 avui volem parlar d&#8217;unes celebracions en concret que competeixen al nostre territori com s\u00f3n les Festes Majors de Catalunya. Sent algunes d&#8217;elles d&#8217;inter\u00e8s cultural, \u00e9s normal voler assistir i observar totes les tradicions de la zona i com influeixen en la identitat i cohesi\u00f3 de les comunitats catalanes. Si t&#8217;interessa assistir a alguna d&#8217;elles segueix llegint, perqu\u00e8 hem fet una breu recopilaci\u00f3 de les dates d&#8217;algunes de les m\u00e9s importants. No te les pots perdre!<\/span><\/p>\n<p>&nbsp;<\/p>\n<h2><span style=\"font-weight: 400;\">Qu\u00e8 s\u00f3n les Festes Majors?<\/span><\/h2>\n<p><span style=\"font-weight: 400;\">Aquestes celebracions s\u00f3n una de les<\/span><b> dates m\u00e9s importants en la vida social i cultural de cada municipi de Catalunya<\/b><span style=\"font-weight: 400;\">. Cada<\/span><b> barri o localitat t\u00e9 una data \u00fani<\/b><span style=\"font-weight: 400;\"><strong>ca<\/strong> per a elles i les seves conseg\u00fcents festes, tamb\u00e9 diferents. Normalment tenen el nom de <\/span><b>Festes Majors en honor al sant o patrona de la localitat<\/b><span style=\"font-weight: 400;\"> i li rendeixen homenatge amb festejos, molts d&#8217;ells d&#8217;origen pag\u00e0, durant un temps acordat.<\/span><\/p>\n<p><span style=\"font-weight: 400;\">S\u00f3n un dels moments m\u00e9s esperats per tots els habitants del lloc, ja que formen una part fonamental de la cultura catalana. <\/span><b>El seu origen data d&#8217;aproximadament el segle XIII<\/b><span style=\"font-weight: 400;\">, encara que \u00e9s pr\u00e0cticament impossible saber amb certesa quan van comen\u00e7ar aquests ritus que, amb el pas del temps, han acabat convertint-se en festes.<\/span><\/p>\n<p><span style=\"font-weight: 400;\">El que s\u00ed se sap \u00e9s la seva evoluci\u00f3 a partir del segle XIV, data en la qual els bisbes van comen\u00e7ar a limitar la quantitat de convidats al que es deia el &#8216;dinar de festa major&#8217; dels clergues, d&#8217;on s&#8217;ent\u00e9n que ve el nom. De fet, el rei Ferran el Cat\u00f2lic va acabar prohibint el 1487 que es fessin despeses superiors a deu sous per cada foc. No obstant aix\u00f2, els camperols de les zones no ho van tolerar, ja que aquesta pragm\u00e0tica va acabar sent derogada per pressi\u00f3 popular on s&#8217;argumentava que en aquestes celebracions era costum rebre amics i familiars, per la qual cosa era normal gastar m\u00e9s diners.<\/span><\/p>\n<p>&nbsp;<\/p>\n<h2><span style=\"font-weight: 400;\">Qu\u00e8 podem veure?<\/span><\/h2>\n<p><span style=\"font-weight: 400;\">Les Festes Majors de Catalunya destaquen per la seva tradici\u00f3 i la seva varietat, ja que depenent de la que assisteixis podr\u00e0s trobar-hi amb un espectacle diferent. No obstant aix\u00f2, totes elles es caracteritzen per ser <\/span><b>celebracions vibrants i plenes de tradici\u00f3<\/b><span style=\"font-weight: 400;\"> que reflecteixen la rica cultura i el patrimoni de la regi\u00f3. Alguns dels <\/span><b>elements i caracter\u00edstiques m\u00e9s distintius<\/b><span style=\"font-weight: 400;\"> s\u00f3n els seg\u00fcents:<\/span><\/p>\n<p>&nbsp;<\/p>\n<h3><span style=\"font-weight: 400;\">Processons i actes religiosos<\/span><\/h3>\n<p><span style=\"font-weight: 400;\">La majoria de festes majors tenen lligats a elles actes religiosos en honor al patr\u00f3 o patrona de la localitat. \u00c9s normal que durant totes les festes s&#8217;incloguin<\/span><b> misses, processons i ofrenes florals <\/b><span style=\"font-weight: 400;\">on els ve\u00efns utilitzen fins i tot vestits regionals.<\/span><\/p>\n<h3><span style=\"font-weight: 400;\"><br \/>\nCursos, tornejos i competicions\u00a0<\/span><\/h3>\n<p><span style=\"font-weight: 400;\">A m\u00e9s d&#8217;espectacles i activitats culturals, les Festes Majors tamb\u00e9 inclouen una varietat de concursos, tornejos i desafiaments que posen a prova la destresa i habilitat dels participants.\u00a0<\/span><\/p>\n<p><span style=\"font-weight: 400;\">Des de competicions esportives fins a concursos d&#8217;habilitats tradicionals, aquests esdeveniments fomenten la participaci\u00f3 de tots els integrants de la comunitat. A m\u00e9s, els guanyadors solen ser reconeguts pel seu esfor\u00e7 i talent amb medalles, trofeus i altres premis. Si tens algun esdeveniment que organitzar com a part d&#8217;aquestes activitats i necessites comptar amb un premi, a <\/span><b>Trofeus ABM<\/b><span style=\"font-weight: 400;\"> podem ajudar-te. Comptem amb una \u00e0mplia varietat de trofeus i medalles que podem adaptar al teu esdeveniment, ja sigui una competici\u00f3 esportiva, un concurs cultural o qualsevol altra activitat.<\/span><\/p>\n<p>&nbsp;<\/p>\n<h3><span style=\"font-weight: 400;\">Castells<\/span><\/h3>\n<p><span style=\"font-weight: 400;\">Una de les tradicions m\u00e9s emblem\u00e0tiques s\u00f3n els castells, <\/span><b>torres humanes <\/b><span style=\"font-weight: 400;\">que poden assolir altures impressionants. Els equips de cada estructura humana es divideixen en <\/span><b><i>colles<\/i><\/b> <span style=\"font-weight: 400;\">i competeixen i col\u00b7laboren per construir aquestes torres, que simbolitzen la for\u00e7a i la cohesi\u00f3 de la comunitat. Es tracta d&#8217;un dels moments m\u00e9s emotius de totes les celebracions, on p\u00fablic i colles animen a la resta de participants a formar la torre.<\/span><\/p>\n<figure id=\"attachment_300\" aria-describedby=\"caption-attachment-300\" style=\"width: 1355px\" class=\"wp-caption aligncenter\"><img fetchpriority=\"high\" decoding=\"async\" class=\"wp-image-300 size-full\" src=\"http:\/\/trofeusabm.com\/wp-content\/uploads\/2024\/06\/DJ7NH_TXoAAzDMR-1.jpg\" alt=\"Castells\" width=\"1365\" height=\"2048\" \/><figcaption id=\"caption-attachment-300\" class=\"wp-caption-text\">(Font: @FrancesVirgili a X per la Colla Jove Xiquets de Tarragona)<\/figcaption><\/figure>\n<p>&nbsp;<\/p>\n<p>&nbsp;<\/p>\n<h3><span style=\"font-weight: 400;\">Correfocs<\/span><\/h3>\n<p><span style=\"font-weight: 400;\">Aquests aut\u00e8ntics<\/span><b> desfilades de foc<\/b><span style=\"font-weight: 400;\"> els protagonitzen <\/span><b>persones disfressades de diables<\/b><span style=\"font-weight: 400;\">, a l&#8217;estil m\u00e9s pur pag\u00e0, que corren pels carrers amb focs artificials i pirot\u00e8cnia, creant un espectacle visual i sonor impressionant.<\/span><\/p>\n<p>&nbsp;<\/p>\n<figure id=\"attachment_303\" aria-describedby=\"caption-attachment-303\" style=\"width: 1190px\" class=\"wp-caption aligncenter\"><img decoding=\"async\" class=\"wp-image-303 size-full\" src=\"http:\/\/trofeusabm.com\/wp-content\/uploads\/2024\/06\/364ec9e0-4e7a-4cbd-8c0f-983a85fa66d1_alta-libre-aspect-ratio_default_0-1.jpg\" alt=\"Correfocs\" width=\"1200\" height=\"675\" \/><figcaption id=\"caption-attachment-303\" class=\"wp-caption-text\">(Font: Manu Mitru per al Peri\u00f3dico) &#8211; &#8216;Correfoc&#8217; de les Festes de Gr\u00e0cia 2023.<\/figcaption><\/figure>\n<p>&nbsp;<\/p>\n<h3><span style=\"font-weight: 400;\">Gegants i capgrossos<\/span><\/h3>\n<p><span style=\"font-weight: 400;\">Les <\/span><b>figures gegants i capgrossos <\/b><span style=\"font-weight: 400;\">desfilen pels carrers acompanyades de m\u00fasica i ball. Aquests personatges solen representar <\/span><b>figures hist\u00f2riques, mitol\u00f2giques o populars <\/b><span style=\"font-weight: 400;\">que fan les del\u00edcies de grans i petits.<\/span><\/p>\n<p>&nbsp;<\/p>\n<h3><span style=\"font-weight: 400;\">Sardanes<\/span><\/h3>\n<p><span style=\"font-weight: 400;\">Aquesta <\/span><b>dansa tradicional catalana es balla en cercle amb els participants agafats de les mans<\/b><span style=\"font-weight: 400;\">. \u00c9s com\u00fa veure aquests balls durant les festes majors, sovint amb m\u00fasica en viu de cobla (banda d&#8217;instruments de vent).<\/span><\/p>\n<p>&nbsp;<\/p>\n<h3><span style=\"font-weight: 400;\">\u00c0pats populars<\/span><\/h3>\n<p><span style=\"font-weight: 400;\">Les festes majors tamb\u00e9 s\u00f3n una ocasi\u00f3 per gaudir de menjars i begudes t\u00edpiques de la regi\u00f3. \u00c9s com\u00fa que s&#8217;organitzin \u00e0pats populars a l&#8217;aire lliure, on la comunitat es reuneix per compartir plats tradicionals.<\/span><\/p>\n<h2><span style=\"font-weight: 400;\"><br \/>\nCultura, tradici\u00f3 i identitat<\/span><\/h2>\n<p><span style=\"font-weight: 400;\">Les festes majors de Catalunya suposen un impacte social i cultural per la mem\u00f2ria que porten. Aquest tipus de festivitats antigues tenien com un dels seus objectius<\/span><b> unir a la gent de la zona en celebracions<\/b><span style=\"font-weight: 400;\">. Avui en dia ho segueixen fent, ja que continuen fomentant la cohesi\u00f3 social al <\/span><b>reunir persones de totes les edats, or\u00edgens i estrats socials <\/b><span style=\"font-weight: 400;\">en un espai com\u00fa de celebraci\u00f3. Al final les Festes Majors busquen celebrar tamb\u00e9 el sentiment de pertinen\u00e7a a una comunitat i una s\u00e8rie de tradicions que parlen de la llengua, la cultura i la forma de ser dels seus habitants.<\/span><\/p>\n<p><span style=\"font-weight: 400;\">Continuar celebrant-les assegura la seva perpetu\u00eftat i fan que <\/span><b>activitats com els castellers, les sardanes i els correfocs no nom\u00e9s es preservin, sin\u00f3 que tamb\u00e9 es transmetin a les noves generacions<\/b><span style=\"font-weight: 400;\">. A difer\u00e8ncia del que pugui semblar, la celebraci\u00f3 de les Festes Majors requereixen no nom\u00e9s un esfor\u00e7 per part de l&#8217;ajuntament, sin\u00f3 que els ve\u00efns tamb\u00e9 s&#8217;involucren activament en la planificaci\u00f3, preparaci\u00f3 i execuci\u00f3 dels esdeveniments, fomentant el voluntariat i el treball en equip.\u00a0<\/span><\/p>\n<p><span style=\"font-weight: 400;\">Aquestes celebracions<\/span><b> reforcen la identitat local i regional<\/b><span style=\"font-weight: 400;\">, enfortint l&#8217;orgull per les arrels culturals i la hist\u00f2ria comunit\u00e0ria. Representen una oportunitat per educar els joves sobre la hist\u00f2ria i les tradicions de la seva comunitat, transmetent valors com la cooperaci\u00f3, el respecte per les tradicions i el treball en equip, a m\u00e9s d&#8217;entendre qu\u00e8 feien i en qu\u00e8 creien els seus avantpassats per entendre com ha derivat la festa i qu\u00e8 simbolitza realment.<\/span><\/p>\n<p><span style=\"font-weight: 400;\">A trav\u00e9s d&#8217;activitats culturals, art\u00edstiques i esportives, les festes majors promouen la cultura local i brinden una<\/span><b> plataforma per a artistes i creadors de la regi\u00f3<\/b><span style=\"font-weight: 400;\">, enriquint la vida cultural de la comunitat i fomentant el talent local. Permeten tamb\u00e9 un <\/span><b>intercanvi generacional <\/b><span style=\"font-weight: 400;\">on els grans transmeten els seus coneixements i experi\u00e8ncies als m\u00e9s joves, crucial per a la preservaci\u00f3 de la mem\u00f2ria cultural i la continu\u00eftat de les tradicions.\u00a0<\/span><\/p>\n<p><span style=\"font-weight: 400;\">Les celebracions d&#8217;aquest tipus tenen un impacte positiu en el benestar emocional de les persones, ja que<\/span><b> l&#8217;alegria i l&#8217;esperit festiu<\/b><span style=\"font-weight: 400;\"> associats a aquests esdeveniments contribueixen a millorar l&#8217;estat d&#8217;\u00e0nim i la qualitat de vida dels participants. Hi ha<\/span><strong><a href=\"https:\/\/trofeusabm.com\/ca\/nosaltres\/\"> concursos<\/a><\/strong><span style=\"font-weight: 400;\"> i proves que ajuden a crear vincles i a con\u00e8ixer una mica m\u00e9s tant a la resta d&#8217;habitants com a la pr\u00f2pia tradici\u00f3, perqu\u00e8 no nom\u00e9s es veu, sin\u00f3 que es viu.<\/span><\/p>\n<h2><span style=\"font-weight: 400;\"><br \/>\nCalendari de Festes Majors a Catalunya<\/span><\/h2>\n<p><span style=\"font-weight: 400;\">Com que el prom\u00e8s \u00e9s deute, si t&#8217;ha picat el cuquet de visitar i viure alguna de les <\/span><b>festivitats<\/b><span style=\"font-weight: 400;\"> de Catalunya, et deixem una petita recopilaci\u00f3 de les <\/span><b>m\u00e9s famoses<\/b><span style=\"font-weight: 400;\">, encara que n&#8217;existeixen per tot el territori amb moltes varietats i tradicions pr\u00f2pies:<\/span><\/p>\n<h3><span style=\"font-weight: 400;\">Barcelona<\/span><\/h3>\n<p><span style=\"font-weight: 400;\">D&#8217;aquesta prov\u00edncia \u00e9s necessari destacar diverses festivitats:<\/span><\/p>\n<ul>\n<li style=\"font-weight: 400;\" aria-level=\"1\"><b>Balls de Vilanova i la Geltr\u00fa<\/b><span style=\"font-weight: 400;\"> (del 14 de juliol al 6 d&#8217;agost). Garraf celebra la seva festa major en honor a la Mare de D\u00e9u de les Neus. La festivitat s&#8217;inaugura amb diversos correfocs, cercaviles, actuacions castelleres, etc. Una de les atraccions m\u00e9s interessants \u00e9s el Cercavila de l\u2019Imaginari, un conjunt de set balls inspirats en contes i llegendes locals que interpreten nens i nenes del municipi d&#8217;entre 6 i 16 anys.\u00a0<\/span><\/li>\n<\/ul>\n<ul>\n<li style=\"font-weight: 400;\" aria-level=\"1\"><b>La Merc\u00e8 <\/b><span style=\"font-weight: 400;\">se celebra al setembre en honor a la Mare de D\u00e9u de la Merc\u00e8, patrona de Barcelona, i \u00e9s una de les festes majors m\u00e9s grans i importants de Catalunya.<\/span><\/li>\n<\/ul>\n<ul>\n<li style=\"font-weight: 400;\" aria-level=\"1\"><b>Festa Major de Gr\u00e0cia<\/b><span style=\"font-weight: 400;\"><span style=\"font-weight: 400;\"><span style=\"font-weight: 400;\">. Coneguda per les seves espectaculars decoracions de carrers i el seu ambient festiu, aquesta festa t\u00e9 lloc a l&#8217;agost al barri de Gr\u00e0cia.<\/span><\/span><\/span><\/li>\n<\/ul>\n<h3><span style=\"font-weight: 400;\">Lleida<\/span><\/h3>\n<p><span style=\"font-weight: 400;\">La que m\u00e9s volem destacar \u00e9s la festivitat \u2018<\/span><b>A foc lent<\/b><span style=\"font-weight: 400;\">\u2019, que se celebra a <\/span><b>Ta\u00fcll<\/b><span style=\"font-weight: 400;\"> el 15 de juliol. No obstant aix\u00f2, existeix una altra festa anomenada <\/span><b>La Baixada de Falles<\/b><span style=\"font-weight: 400;\">, reconeguda com a <\/span><b>Patrimoni Immaterial de la Humanitat per la UNESCO<\/b><span style=\"font-weight: 400;\">. Consisteix en un cam\u00ed de foc que va des de la muntanya de Torresplanes fins al poble.\u00a0<\/span><\/p>\n<p><span style=\"font-weight: 400;\">Se celebra cada any per rebre el solstici d&#8217;estiu, dia en qu\u00e8 els participants pugen al far de la muntanya, encenen torxes i baixen caminant fins al poble. En arribar, llancen les torxes a terra, creant una foguera que inaugura la festa.<\/span><\/p>\n<p>Del 25 al 27 d&#8217;agost se celebra el <b>aq\u00fcelarre de Cervera<\/b>, l&#8217;acte m\u00e9s caracter\u00edstic del qual \u00e9s l&#8217;aq\u00fcelarre de les <b>nits del divendres i del dissabte<\/b>, ple d&#8217; <b>esoterisme<\/b>. Dividit entre l&#8217;Encesa de la Universitat, 3 actes i un correfoc final, la festa comen\u00e7a a les 23:30 i acaba passades les 4 de la matinada.<\/p>\n<p>&nbsp;<\/p>\n<figure id=\"attachment_307\" aria-describedby=\"caption-attachment-307\" style=\"width: 1177px\" class=\"wp-caption aligncenter\"><img decoding=\"async\" class=\"wp-image-307 size-full\" src=\"http:\/\/trofeusabm.com\/wp-content\/uploads\/2024\/06\/baixaada-de-falles.png\" alt=\"baixaada de falles\" width=\"1187\" height=\"771\" \/><figcaption id=\"caption-attachment-307\" class=\"wp-caption-text\">(Font: @SantiIglesias a La baixada de falles dels Pirineus)<\/figcaption><\/figure>\n<h3><span style=\"font-weight: 400;\"><br \/>\nGirona<\/span><\/h3>\n<p><b>La Mare de D\u00e9u del Tura d\u00f3na nom a les festes d&#8217;Olot<\/b><span style=\"font-weight: 400;\">, una de les celebracions m\u00e9s concorregudes de Catalunya. Destaquen els nombrosos actes i concerts a l&#8217;aire lliure, especialment al nucli antic. Un esdeveniment notable \u00e9s el <\/span><b>ball dels gegants, nans i cavallets a la Pla\u00e7a Major<\/b><span style=\"font-weight: 400;\">, dels quals destaquem als Gegants d\u2019Olot, el Gegant i la Gegantessa, encap\u00e7alats pel Cap de les Lligamosques.<\/span><\/p>\n<p>&nbsp;<\/p>\n<h3><span style=\"font-weight: 400;\">Tarragona<\/span><\/h3>\n<p><span style=\"font-weight: 400;\">Les festes de Tarragona, dedicades <\/span><b>a la seva patrona Santa Tecla<\/b><span style=\"font-weight: 400;\">, s\u00f3n molt conegudes. El Seguici Popular, que inclou <\/span><b>activitats que daten del segle XIV<\/b><span style=\"font-weight: 400;\">, presenta balls com el Ball dels Diables i el Ball de Serrallonga, danses com el Ball de pastorets i el Ball de Turcs i Cavallets, i b\u00e8sties que recorren els carrers, com l\u2019\u00c0liga que representa Tarragona i t\u00e9 la seva pr\u00f2pia festivitat, \u201cLa Baixada de l\u2019\u00c0liga,\u00a0 i altres com el Lle\u00f3, la Cucafera i la Mulassa. Els dies de celebraci\u00f3 s\u00f3n de l&#8217;11 al 24 de setembre.<\/span><\/p>\n<p>&nbsp;<\/p>\n<figure id=\"attachment_309\" aria-describedby=\"caption-attachment-309\" style=\"width: 817px\" class=\"wp-caption aligncenter\"><img loading=\"lazy\" decoding=\"async\" class=\"wp-image-309 size-full\" src=\"http:\/\/trofeusabm.com\/wp-content\/uploads\/2024\/06\/imagen_-1.jpg\" alt=\"Tarragona\" width=\"827\" height=\"500\" \/><figcaption id=\"caption-attachment-309\" class=\"wp-caption-text\">(Font: Marc Colilla &#8211; Baixada de l\u2019\u00c0liga, davant de la catedral de Tarragona)<\/figcaption><\/figure>\n<p>&nbsp;<\/p>\n<p>Esperem que amb aquest petit calendari t&#8217;hagin agafat ganes de visitar i gaudir de la gent i de les tradicions d&#8217;alguna de les Festes Majors de Catalunya. Encara que si el que tens \u00e9s algun esdeveniment que organitzar com a part d&#8217;aquestes festivitats o similar i necessites comptar amb un premi, a <a href=\"https:\/\/trofeusabm.com\/ca\/\"> <b>Trofeus ABM<\/b><\/a><span style=\"font-weight: 400;\"> podem ajudar-te.<\/span><\/p>\n<p><span style=\"font-weight: 400;\">Els nostres dissenys personalitzats s\u00f3n el resultat d&#8217;un proc\u00e9s de producci\u00f3 minuci\u00f3s i prec\u00eds que garanteix la satisfacci\u00f3 del client. No importa el tipus d&#8217;esdeveniment, competici\u00f3 o regal que estiguis organitzant o el teu estil personal, tenim la soluci\u00f3 perfecta per a la teva necessitat de disseny personalitzat de trofeus, copes i medalles. Nom\u00e9s has de posar-te en<\/span><strong><a href=\"https:\/\/trofeusabm.com\/ca\/contacte\/\"> contacte<\/a><\/strong><span style=\"font-weight: 400;\"> amb el nostre equip perqu\u00e8 et pugui fer unes preguntes i donar amb el disseny que necessites.<\/span><\/p>\n","protected":false},"excerpt":{"rendered":"<p>Les festivitats locals s\u00f3n un llegat cultural que reflecteix com els nostres avantpassats comprenien el m\u00f3n. Elements del folklore com dracs, gegants, fades i follets representen la hist\u00f2ria i les tradicions d&#8217;una comunitat. Per aix\u00f2, \u00e9s crucial preservar i promoure celebracions com les festes majors. Aix\u00ed les futures generacions no nom\u00e9s les podran gaudir, sin\u00f3 &#8230; <a title=\"Festes Majors i actes populars de Catalunya a l&#8217;estiu\" class=\"read-more\" href=\"https:\/\/trofeusabm.com\/ca\/festes-majors-i-actes-populars-de-catalunya-a-l-estiu\/\" aria-label=\"M\u00e9s informaci\u00f3 sobre Festes Majors i actes populars de Catalunya a l&#8217;estiu\">Llegiu m\u00e9s<\/a><\/p>\n","protected":false},"author":2,"featured_media":933,"comment_status":"open","ping_status":"closed","sticky":false,"template":"","format":"standard","meta":{"footnotes":""},"categories":[21],"tags":[],"class_list":["post-906","post","type-post","status-publish","format-standard","has-post-thumbnail","hentry","category-sin-categorizar"],"yoast_head":"<!-- This site is optimized with the Yoast SEO Premium plugin v22.8 (Yoast SEO v27.5) - https:\/\/yoast.com\/product\/yoast-seo-premium-wordpress\/ -->\n<title>Festes Majors i actes populars de Catalunya a l&#039;estiu - Trofeos ABM<\/title>\n<meta name=\"description\" content=\"Les Festes Majors de Catalunya representen una de les mostres de tradici\u00f3 i cultura, on es gaudeix d&#039;espectacles, m\u00fasica i ball.\" \/>\n<meta name=\"robots\" content=\"index, follow, max-snippet:-1, max-image-preview:large, max-video-preview:-1\" \/>\n<link rel=\"canonical\" href=\"https:\/\/trofeusabm.com\/ca\/festes-majors-i-actes-populars-de-catalunya-a-l-estiu\/\" \/>\n<meta property=\"og:locale\" content=\"ca_ES\" \/>\n<meta property=\"og:type\" content=\"article\" \/>\n<meta property=\"og:title\" content=\"Festes Majors i actes populars de Catalunya a l&#039;estiu\" \/>\n<meta property=\"og:description\" content=\"Les Festes Majors de Catalunya representen una de les mostres de tradici\u00f3 i cultura, on es gaudeix d&#039;espectacles, m\u00fasica i ball.\" \/>\n<meta property=\"og:url\" content=\"https:\/\/trofeusabm.com\/ca\/festes-majors-i-actes-populars-de-catalunya-a-l-estiu\/\" \/>\n<meta property=\"og:site_name\" content=\"Trofeos ABM\" \/>\n<meta property=\"article:published_time\" content=\"2024-06-26T07:27:02+00:00\" \/>\n<meta property=\"article:modified_time\" content=\"2024-11-21T12:09:24+00:00\" \/>\n<meta property=\"og:image\" content=\"https:\/\/trofeusabm.com\/wp-content\/uploads\/2024\/06\/castillo-1.jpg\" \/>\n\t<meta property=\"og:image:width\" content=\"1024\" \/>\n\t<meta property=\"og:image:height\" content=\"532\" \/>\n\t<meta property=\"og:image:type\" content=\"image\/jpeg\" \/>\n<meta name=\"author\" content=\"apuig\" \/>\n<meta name=\"twitter:card\" content=\"summary_large_image\" \/>\n<meta name=\"twitter:label1\" content=\"Escrit per\" \/>\n\t<meta name=\"twitter:data1\" content=\"apuig\" \/>\n\t<meta name=\"twitter:label2\" content=\"Temps estimat de lectura\" \/>\n\t<meta name=\"twitter:data2\" content=\"10 minuts\" \/>\n<script type=\"application\/ld+json\" class=\"yoast-schema-graph\">{\"@context\":\"https:\\\/\\\/schema.org\",\"@graph\":[{\"@type\":\"Article\",\"@id\":\"https:\\\/\\\/trofeusabm.com\\\/ca\\\/festes-majors-i-actes-populars-de-catalunya-a-l-estiu\\\/#article\",\"isPartOf\":{\"@id\":\"https:\\\/\\\/trofeusabm.com\\\/ca\\\/festes-majors-i-actes-populars-de-catalunya-a-l-estiu\\\/\"},\"author\":{\"name\":\"apuig\",\"@id\":\"https:\\\/\\\/trofeusabm.com\\\/ca\\\/#\\\/schema\\\/person\\\/74faa683a697408997fcd40dba5ade8c\"},\"headline\":\"Festes Majors i actes populars de Catalunya a l&#8217;estiu\",\"datePublished\":\"2024-06-26T07:27:02+00:00\",\"dateModified\":\"2024-11-21T12:09:24+00:00\",\"mainEntityOfPage\":{\"@id\":\"https:\\\/\\\/trofeusabm.com\\\/ca\\\/festes-majors-i-actes-populars-de-catalunya-a-l-estiu\\\/\"},\"wordCount\":2102,\"commentCount\":0,\"publisher\":{\"@id\":\"https:\\\/\\\/trofeusabm.com\\\/ca\\\/#organization\"},\"image\":{\"@id\":\"https:\\\/\\\/trofeusabm.com\\\/ca\\\/festes-majors-i-actes-populars-de-catalunya-a-l-estiu\\\/#primaryimage\"},\"thumbnailUrl\":\"https:\\\/\\\/trofeusabm.com\\\/wp-content\\\/uploads\\\/2024\\\/06\\\/castillo-1.jpg\",\"articleSection\":[\"Sin categorizar\"],\"inLanguage\":\"ca\",\"potentialAction\":[{\"@type\":\"CommentAction\",\"name\":\"Comment\",\"target\":[\"https:\\\/\\\/trofeusabm.com\\\/ca\\\/festes-majors-i-actes-populars-de-catalunya-a-l-estiu\\\/#respond\"]}]},{\"@type\":\"WebPage\",\"@id\":\"https:\\\/\\\/trofeusabm.com\\\/ca\\\/festes-majors-i-actes-populars-de-catalunya-a-l-estiu\\\/\",\"url\":\"https:\\\/\\\/trofeusabm.com\\\/ca\\\/festes-majors-i-actes-populars-de-catalunya-a-l-estiu\\\/\",\"name\":\"Festes Majors i actes populars de Catalunya a l'estiu - Trofeos ABM\",\"isPartOf\":{\"@id\":\"https:\\\/\\\/trofeusabm.com\\\/ca\\\/#website\"},\"primaryImageOfPage\":{\"@id\":\"https:\\\/\\\/trofeusabm.com\\\/ca\\\/festes-majors-i-actes-populars-de-catalunya-a-l-estiu\\\/#primaryimage\"},\"image\":{\"@id\":\"https:\\\/\\\/trofeusabm.com\\\/ca\\\/festes-majors-i-actes-populars-de-catalunya-a-l-estiu\\\/#primaryimage\"},\"thumbnailUrl\":\"https:\\\/\\\/trofeusabm.com\\\/wp-content\\\/uploads\\\/2024\\\/06\\\/castillo-1.jpg\",\"datePublished\":\"2024-06-26T07:27:02+00:00\",\"dateModified\":\"2024-11-21T12:09:24+00:00\",\"description\":\"Les Festes Majors de Catalunya representen una de les mostres de tradici\u00f3 i cultura, on es gaudeix d'espectacles, m\u00fasica i ball.\",\"breadcrumb\":{\"@id\":\"https:\\\/\\\/trofeusabm.com\\\/ca\\\/festes-majors-i-actes-populars-de-catalunya-a-l-estiu\\\/#breadcrumb\"},\"inLanguage\":\"ca\",\"potentialAction\":[{\"@type\":\"ReadAction\",\"target\":[\"https:\\\/\\\/trofeusabm.com\\\/ca\\\/festes-majors-i-actes-populars-de-catalunya-a-l-estiu\\\/\"]}]},{\"@type\":\"ImageObject\",\"inLanguage\":\"ca\",\"@id\":\"https:\\\/\\\/trofeusabm.com\\\/ca\\\/festes-majors-i-actes-populars-de-catalunya-a-l-estiu\\\/#primaryimage\",\"url\":\"https:\\\/\\\/trofeusabm.com\\\/wp-content\\\/uploads\\\/2024\\\/06\\\/castillo-1.jpg\",\"contentUrl\":\"https:\\\/\\\/trofeusabm.com\\\/wp-content\\\/uploads\\\/2024\\\/06\\\/castillo-1.jpg\",\"width\":1024,\"height\":532,\"caption\":\"fiestas mayores\"},{\"@type\":\"BreadcrumbList\",\"@id\":\"https:\\\/\\\/trofeusabm.com\\\/ca\\\/festes-majors-i-actes-populars-de-catalunya-a-l-estiu\\\/#breadcrumb\",\"itemListElement\":[{\"@type\":\"ListItem\",\"position\":1,\"name\":\"Portada\",\"item\":\"https:\\\/\\\/trofeusabm.com\\\/ca\\\/\"},{\"@type\":\"ListItem\",\"position\":2,\"name\":\"Festes Majors i actes populars de Catalunya a l&#8217;estiu\"}]},{\"@type\":\"WebSite\",\"@id\":\"https:\\\/\\\/trofeusabm.com\\\/ca\\\/#website\",\"url\":\"https:\\\/\\\/trofeusabm.com\\\/ca\\\/\",\"name\":\"Trofeos ABM\",\"description\":\"\",\"publisher\":{\"@id\":\"https:\\\/\\\/trofeusabm.com\\\/ca\\\/#organization\"},\"potentialAction\":[{\"@type\":\"SearchAction\",\"target\":{\"@type\":\"EntryPoint\",\"urlTemplate\":\"https:\\\/\\\/trofeusabm.com\\\/ca\\\/?s={search_term_string}\"},\"query-input\":{\"@type\":\"PropertyValueSpecification\",\"valueRequired\":true,\"valueName\":\"search_term_string\"}}],\"inLanguage\":\"ca\"},{\"@type\":\"Organization\",\"@id\":\"https:\\\/\\\/trofeusabm.com\\\/ca\\\/#organization\",\"name\":\"Trofeos ABM\",\"url\":\"https:\\\/\\\/trofeusabm.com\\\/ca\\\/\",\"logo\":{\"@type\":\"ImageObject\",\"inLanguage\":\"ca\",\"@id\":\"https:\\\/\\\/trofeusabm.com\\\/ca\\\/#\\\/schema\\\/logo\\\/image\\\/\",\"url\":\"https:\\\/\\\/trofeusabm.com\\\/wp-content\\\/uploads\\\/2024\\\/08\\\/logo-1665059948.png\",\"contentUrl\":\"https:\\\/\\\/trofeusabm.com\\\/wp-content\\\/uploads\\\/2024\\\/08\\\/logo-1665059948.png\",\"width\":320,\"height\":80,\"caption\":\"Trofeos ABM\"},\"image\":{\"@id\":\"https:\\\/\\\/trofeusabm.com\\\/ca\\\/#\\\/schema\\\/logo\\\/image\\\/\"}},{\"@type\":\"Person\",\"@id\":\"https:\\\/\\\/trofeusabm.com\\\/ca\\\/#\\\/schema\\\/person\\\/74faa683a697408997fcd40dba5ade8c\",\"name\":\"apuig\",\"image\":{\"@type\":\"ImageObject\",\"inLanguage\":\"ca\",\"@id\":\"https:\\\/\\\/secure.gravatar.com\\\/avatar\\\/583d07f3f1036f58d0e44e873586278b582179a16b27a5b3951504e9ee001c06?s=96&d=mm&r=g\",\"url\":\"https:\\\/\\\/secure.gravatar.com\\\/avatar\\\/583d07f3f1036f58d0e44e873586278b582179a16b27a5b3951504e9ee001c06?s=96&d=mm&r=g\",\"contentUrl\":\"https:\\\/\\\/secure.gravatar.com\\\/avatar\\\/583d07f3f1036f58d0e44e873586278b582179a16b27a5b3951504e9ee001c06?s=96&d=mm&r=g\",\"caption\":\"apuig\"},\"url\":\"https:\\\/\\\/trofeusabm.com\\\/ca\\\/author\\\/apuig\\\/\"}]}<\/script>\n<!-- \/ Yoast SEO Premium plugin. -->","yoast_head_json":{"title":"Festes Majors i actes populars de Catalunya a l'estiu - Trofeos ABM","description":"Les Festes Majors de Catalunya representen una de les mostres de tradici\u00f3 i cultura, on es gaudeix d'espectacles, m\u00fasica i ball.","robots":{"index":"index","follow":"follow","max-snippet":"max-snippet:-1","max-image-preview":"max-image-preview:large","max-video-preview":"max-video-preview:-1"},"canonical":"https:\/\/trofeusabm.com\/ca\/festes-majors-i-actes-populars-de-catalunya-a-l-estiu\/","og_locale":"ca_ES","og_type":"article","og_title":"Festes Majors i actes populars de Catalunya a l'estiu","og_description":"Les Festes Majors de Catalunya representen una de les mostres de tradici\u00f3 i cultura, on es gaudeix d'espectacles, m\u00fasica i ball.","og_url":"https:\/\/trofeusabm.com\/ca\/festes-majors-i-actes-populars-de-catalunya-a-l-estiu\/","og_site_name":"Trofeos ABM","article_published_time":"2024-06-26T07:27:02+00:00","article_modified_time":"2024-11-21T12:09:24+00:00","og_image":[{"width":1024,"height":532,"url":"https:\/\/trofeusabm.com\/wp-content\/uploads\/2024\/06\/castillo-1.jpg","type":"image\/jpeg"}],"author":"apuig","twitter_card":"summary_large_image","twitter_misc":{"Escrit per":"apuig","Temps estimat de lectura":"10 minuts"},"schema":{"@context":"https:\/\/schema.org","@graph":[{"@type":"Article","@id":"https:\/\/trofeusabm.com\/ca\/festes-majors-i-actes-populars-de-catalunya-a-l-estiu\/#article","isPartOf":{"@id":"https:\/\/trofeusabm.com\/ca\/festes-majors-i-actes-populars-de-catalunya-a-l-estiu\/"},"author":{"name":"apuig","@id":"https:\/\/trofeusabm.com\/ca\/#\/schema\/person\/74faa683a697408997fcd40dba5ade8c"},"headline":"Festes Majors i actes populars de Catalunya a l&#8217;estiu","datePublished":"2024-06-26T07:27:02+00:00","dateModified":"2024-11-21T12:09:24+00:00","mainEntityOfPage":{"@id":"https:\/\/trofeusabm.com\/ca\/festes-majors-i-actes-populars-de-catalunya-a-l-estiu\/"},"wordCount":2102,"commentCount":0,"publisher":{"@id":"https:\/\/trofeusabm.com\/ca\/#organization"},"image":{"@id":"https:\/\/trofeusabm.com\/ca\/festes-majors-i-actes-populars-de-catalunya-a-l-estiu\/#primaryimage"},"thumbnailUrl":"https:\/\/trofeusabm.com\/wp-content\/uploads\/2024\/06\/castillo-1.jpg","articleSection":["Sin categorizar"],"inLanguage":"ca","potentialAction":[{"@type":"CommentAction","name":"Comment","target":["https:\/\/trofeusabm.com\/ca\/festes-majors-i-actes-populars-de-catalunya-a-l-estiu\/#respond"]}]},{"@type":"WebPage","@id":"https:\/\/trofeusabm.com\/ca\/festes-majors-i-actes-populars-de-catalunya-a-l-estiu\/","url":"https:\/\/trofeusabm.com\/ca\/festes-majors-i-actes-populars-de-catalunya-a-l-estiu\/","name":"Festes Majors i actes populars de Catalunya a l'estiu - Trofeos ABM","isPartOf":{"@id":"https:\/\/trofeusabm.com\/ca\/#website"},"primaryImageOfPage":{"@id":"https:\/\/trofeusabm.com\/ca\/festes-majors-i-actes-populars-de-catalunya-a-l-estiu\/#primaryimage"},"image":{"@id":"https:\/\/trofeusabm.com\/ca\/festes-majors-i-actes-populars-de-catalunya-a-l-estiu\/#primaryimage"},"thumbnailUrl":"https:\/\/trofeusabm.com\/wp-content\/uploads\/2024\/06\/castillo-1.jpg","datePublished":"2024-06-26T07:27:02+00:00","dateModified":"2024-11-21T12:09:24+00:00","description":"Les Festes Majors de Catalunya representen una de les mostres de tradici\u00f3 i cultura, on es gaudeix d'espectacles, m\u00fasica i ball.","breadcrumb":{"@id":"https:\/\/trofeusabm.com\/ca\/festes-majors-i-actes-populars-de-catalunya-a-l-estiu\/#breadcrumb"},"inLanguage":"ca","potentialAction":[{"@type":"ReadAction","target":["https:\/\/trofeusabm.com\/ca\/festes-majors-i-actes-populars-de-catalunya-a-l-estiu\/"]}]},{"@type":"ImageObject","inLanguage":"ca","@id":"https:\/\/trofeusabm.com\/ca\/festes-majors-i-actes-populars-de-catalunya-a-l-estiu\/#primaryimage","url":"https:\/\/trofeusabm.com\/wp-content\/uploads\/2024\/06\/castillo-1.jpg","contentUrl":"https:\/\/trofeusabm.com\/wp-content\/uploads\/2024\/06\/castillo-1.jpg","width":1024,"height":532,"caption":"fiestas mayores"},{"@type":"BreadcrumbList","@id":"https:\/\/trofeusabm.com\/ca\/festes-majors-i-actes-populars-de-catalunya-a-l-estiu\/#breadcrumb","itemListElement":[{"@type":"ListItem","position":1,"name":"Portada","item":"https:\/\/trofeusabm.com\/ca\/"},{"@type":"ListItem","position":2,"name":"Festes Majors i actes populars de Catalunya a l&#8217;estiu"}]},{"@type":"WebSite","@id":"https:\/\/trofeusabm.com\/ca\/#website","url":"https:\/\/trofeusabm.com\/ca\/","name":"Trofeos ABM","description":"","publisher":{"@id":"https:\/\/trofeusabm.com\/ca\/#organization"},"potentialAction":[{"@type":"SearchAction","target":{"@type":"EntryPoint","urlTemplate":"https:\/\/trofeusabm.com\/ca\/?s={search_term_string}"},"query-input":{"@type":"PropertyValueSpecification","valueRequired":true,"valueName":"search_term_string"}}],"inLanguage":"ca"},{"@type":"Organization","@id":"https:\/\/trofeusabm.com\/ca\/#organization","name":"Trofeos ABM","url":"https:\/\/trofeusabm.com\/ca\/","logo":{"@type":"ImageObject","inLanguage":"ca","@id":"https:\/\/trofeusabm.com\/ca\/#\/schema\/logo\/image\/","url":"https:\/\/trofeusabm.com\/wp-content\/uploads\/2024\/08\/logo-1665059948.png","contentUrl":"https:\/\/trofeusabm.com\/wp-content\/uploads\/2024\/08\/logo-1665059948.png","width":320,"height":80,"caption":"Trofeos ABM"},"image":{"@id":"https:\/\/trofeusabm.com\/ca\/#\/schema\/logo\/image\/"}},{"@type":"Person","@id":"https:\/\/trofeusabm.com\/ca\/#\/schema\/person\/74faa683a697408997fcd40dba5ade8c","name":"apuig","image":{"@type":"ImageObject","inLanguage":"ca","@id":"https:\/\/secure.gravatar.com\/avatar\/583d07f3f1036f58d0e44e873586278b582179a16b27a5b3951504e9ee001c06?s=96&d=mm&r=g","url":"https:\/\/secure.gravatar.com\/avatar\/583d07f3f1036f58d0e44e873586278b582179a16b27a5b3951504e9ee001c06?s=96&d=mm&r=g","contentUrl":"https:\/\/secure.gravatar.com\/avatar\/583d07f3f1036f58d0e44e873586278b582179a16b27a5b3951504e9ee001c06?s=96&d=mm&r=g","caption":"apuig"},"url":"https:\/\/trofeusabm.com\/ca\/author\/apuig\/"}]}},"_links":{"self":[{"href":"https:\/\/trofeusabm.com\/ca\/wp-json\/wp\/v2\/posts\/906","targetHints":{"allow":["GET"]}}],"collection":[{"href":"https:\/\/trofeusabm.com\/ca\/wp-json\/wp\/v2\/posts"}],"about":[{"href":"https:\/\/trofeusabm.com\/ca\/wp-json\/wp\/v2\/types\/post"}],"author":[{"embeddable":true,"href":"https:\/\/trofeusabm.com\/ca\/wp-json\/wp\/v2\/users\/2"}],"replies":[{"embeddable":true,"href":"https:\/\/trofeusabm.com\/ca\/wp-json\/wp\/v2\/comments?post=906"}],"version-history":[{"count":2,"href":"https:\/\/trofeusabm.com\/ca\/wp-json\/wp\/v2\/posts\/906\/revisions"}],"predecessor-version":[{"id":8435,"href":"https:\/\/trofeusabm.com\/ca\/wp-json\/wp\/v2\/posts\/906\/revisions\/8435"}],"wp:featuredmedia":[{"embeddable":true,"href":"https:\/\/trofeusabm.com\/ca\/wp-json\/wp\/v2\/media\/933"}],"wp:attachment":[{"href":"https:\/\/trofeusabm.com\/ca\/wp-json\/wp\/v2\/media?parent=906"}],"wp:term":[{"taxonomy":"category","embeddable":true,"href":"https:\/\/trofeusabm.com\/ca\/wp-json\/wp\/v2\/categories?post=906"},{"taxonomy":"post_tag","embeddable":true,"href":"https:\/\/trofeusabm.com\/ca\/wp-json\/wp\/v2\/tags?post=906"}],"curies":[{"name":"wp","href":"https:\/\/api.w.org\/{rel}","templated":true}]}}