{"id":913,"date":"2024-07-16T07:45:43","date_gmt":"2024-07-16T05:45:43","guid":{"rendered":"https:\/\/trofeusabm.com\/Blog\/?p=422"},"modified":"2025-05-13T12:42:12","modified_gmt":"2025-05-13T10:42:12","slug":"lart-de-les-celebracions-rituals-i-tradicions-arreu-del-mon","status":"publish","type":"post","link":"https:\/\/trofeusabm.com\/ca\/lart-de-les-celebracions-rituals-i-tradicions-arreu-del-mon\/","title":{"rendered":"L&#8217;art de les celebracions: rituals i tradicions arreu del m\u00f3n"},"content":{"rendered":"<p>&nbsp;<\/p>\n<p><span style=\"font-weight: 400;\">Les festes, tradicions i celebracions d&#8217;una regi\u00f3 s\u00f3n s\u00edmbols de la cultura i del llegat hist\u00f2ric de la seva gent. Ens connecten amb el nostre passat, recordant-nos qui \u00e9rem i com hem evolucionat com a societat. A m\u00e9s, mantenen vives les nostres arrels. Per aix\u00f2, \u00e9s essencial preservar-les.<\/span><\/p>\n<p><span style=\"font-weight: 400;\">A m\u00e9s de per a la poblaci\u00f3 que les celebra, les tradicions de tot el m\u00f3n criden l&#8217;atenci\u00f3 de turistes, amants de la cultura i curiosos, que gaudeixen coneixent tradicions i rituals que poden remuntar-se centenars d&#8217;anys en el temps. Des de <\/span><a href=\"https:\/\/trofeusabm.com\/ca\/\"><b>Trofeus ABM<\/b><\/a><span style=\"font-weight: 400;\"> hem recopilat les m\u00e9s curioses, fes una ullada a algunes de les m\u00e9s famoses i conegudes del m\u00f3n i deixa&#8217;t sorprendre.<\/span><\/p>\n<p>&nbsp;<\/p>\n<h2><span style=\"font-weight: 400;\">Per a qu\u00e8 serveixen les celebracions?<\/span><\/h2>\n<p><span style=\"font-weight: 400;\">No importa a quina part del m\u00f3n viatgem, totes les societats tenen les seves pr\u00f2pies celebracions, plenes de simbolisme i representatives de la cultura local. \u00c9s molt dif\u00edcil determinar amb certesa com van sorgir i evolucionar aquestes tradicions, per\u00f2 el que \u00e9s indubtable \u00e9s que tots els rituals apel\u00b7len a la sensaci\u00f3 de comunitat i a unes creences i valors compartits.\u00a0<\/span><\/p>\n<p><span style=\"font-weight: 400;\">La majoria dels experts i antrop\u00f2legs coincideixen que, encara que \u00e9s dif\u00edcil ubicar aquests esdeveniments en un moment espec\u00edfic de la hist\u00f2ria, \u00e9s possible que abans de convertir-se en esdeveniments socials, tinguessin un prop\u00f2sit pr\u00e0ctic. Potser es realitzaven per apel\u00b7lar als d\u00e9us o evitar desastres naturals.<\/span><\/p>\n<p><span style=\"font-weight: 400;\">El fet de ritualitzar o crear &#8216;rutines&#8217; de car\u00e0cter religi\u00f3s o espiritual tamb\u00e9 podria servir per generar normes socials. Realitzant actes concrets, les persones creien que estarien fora de perill, fins i tot despr\u00e9s que s&#8217;oblid\u00e9s el motiu original d&#8217;aquests comportaments. El fet de, per exemple, preparar menjars d&#8217;una determinada manera podria haver ajudat a prevenir malalties. Molts rituals tamb\u00e9 proporcionen <\/span><b>suport psicol\u00f2gic en certs moments complexos<\/b><span style=\"font-weight: 400;\">. En convertir-se en una pr\u00e0ctica comuna ajuden a generar sensaci\u00f3 de comunitat i, sobretot, unitat del grup davant amenaces externes.<\/span><\/p>\n<p>&nbsp;<\/p>\n<h2><span style=\"font-weight: 400;\">Les celebracions neixen d&#8217;una societat<\/span><\/h2>\n<p><span style=\"font-weight: 400;\">Tots els rituals i celebracions s\u00f3n <\/span><b>distints<\/b><span style=\"font-weight: 400;\"> entre ells perqu\u00e8 es creen en un entorn sociocultural diferent. Quan es realitzen ofrenes o s&#8217;ofereixen recompenses als d\u00e9us es fa tenint en compte el proc\u00e9s de reproducci\u00f3 i evoluci\u00f3 social d&#8217;aquesta poblaci\u00f3. <\/span><b>Tenir celebracions amb una rutina connecta la societat amb la seva her\u00e8ncia cultural<\/b><span style=\"font-weight: 400;\">, activant ressorts m\u00e9s profunds que el discurs racional.\u00a0<\/span><\/p>\n<p><span style=\"font-weight: 400;\">No es tracta \u00fanicament d&#8217;un esdeveniment pr\u00e0ctic o cultural, sin\u00f3 que tamb\u00e9 cont\u00e9 una dimensi\u00f3 extremadament emocional i profunda. Aquests rituals no nom\u00e9s uneixen les persones, sin\u00f3 que influeixen en la conformaci\u00f3 de la realitat social, modelant els individus per ocupar les posicions preestablertes en el sistema ritual i el seu corresponent sistema social.<\/span><\/p>\n<p><span style=\"font-weight: 400;\">El ritual compleix una funci\u00f3 sociol\u00f2gica en <\/span><b>refor\u00e7ar les estructures que conformen aquesta poblaci\u00f3<\/b><span style=\"font-weight: 400;\">. Aquests codifiquen i expressen experi\u00e8ncies b\u00e0siques, valors i actituds vitals per a la seva superviv\u00e8ncia i reproducci\u00f3. En les societats igualit\u00e0ries i jerarquitzades, els xamans o la persona m\u00e9s longeva solen controlar la pr\u00e0ctica ritual. En les societats estratificades, el clergat generalment ostenta el monopoli de la relaci\u00f3 amb el poder div\u00ed, mitjan\u00e7ant el control institucional dels mites i els ritus.<\/span><\/p>\n<p><span style=\"font-weight: 400;\">El ritual tamb\u00e9 exerceix <\/span><b>funcions psicobiol\u00f2giques<\/b><span style=\"font-weight: 400;\"> perqu\u00e8 influeix en la nostra persona mitjan\u00e7ant una reestructuraci\u00f3 mental en els participants. Hi ha ritus per a tot, des d&#8217;acollir un nad\u00f3 fins a acomiadar aquells que se&#8217;n van. La celebraci\u00f3 ritual s&#8217;encarrega de <\/span><b>gestionar les persones de la comunitat<\/b><span style=\"font-weight: 400;\">, a finalitzar desacords i a crear uni\u00f3 i for\u00e7a. Les idees queden fixades a trav\u00e9s del prop\u00f2sit del ritual.\u00a0<\/span><\/p>\n<p><span style=\"font-weight: 400;\">El pensament simb\u00f2lic i imaginari en la trama de l&#8217;actuaci\u00f3 ritual imposa formes, gestos i ritmes. Per aix\u00f2, \u00e9s tan f\u00e0cil experimentar una catarsi en assistir o presenciar aquestes celebracions en qualsevol part del m\u00f3n, fins i tot sense entendre el context o el motiu darrere d&#8217;elles. Les tradicions i rituals tenen la capacitat de transmetre&#8217;s a persones d&#8217;altres cultures, permetent-los sumar-se al sentiment col\u00b7lectiu i empatitzar.<\/span><\/p>\n<p>&nbsp;<\/p>\n<h2><span style=\"font-weight: 400;\">Les celebracions m\u00e9s famoses del m\u00f3n<\/span><\/h2>\n<p><span style=\"font-weight: 400;\">Els rituals han anat evolucionant i adaptant-se al pensament i els valors del moment. I encara que sempre roman en ells una part m\u00e9s primitiva i pagana que representa l&#8217;origen de la cultura, hi ha alguns canvis. Si vols gaudir d&#8217;algunes de les <\/span><b>celebracions m\u00e9s interessants i impressionants <\/b><span style=\"font-weight: 400;\">del m\u00f3n, et deixem una petita recopilaci\u00f3:<\/span><\/p>\n<p>&nbsp;<\/p>\n<h3><span style=\"font-weight: 400;\">Carnaval de Rio de Janeiro (Brasil)<\/span><\/h3>\n<figure id=\"attachment_411\" aria-describedby=\"caption-attachment-411\" style=\"width: 790px\" class=\"wp-caption aligncenter\"><img fetchpriority=\"high\" decoding=\"async\" class=\"wp-image-411 size-large\" src=\"http:\/\/trofeusabm.com\/wp-content\/uploads\/2024\/07\/el-sambodromo-durante-el-carnaval-de-rio-de-janeiro_0ed0214e_1200x675-1-1024x576.jpg\" alt=\"FUENTE: ISTOCK\" width=\"800\" height=\"450\" \/><figcaption id=\"caption-attachment-411\" class=\"wp-caption-text\">FUENTE: ISTOCK<\/figcaption><\/figure>\n<p>&nbsp;<\/p>\n<p><span style=\"font-weight: 400;\">Com hem comentat anteriorment, moltes celebracions arreu del m\u00f3n tenen un origen pag\u00e0, i el Carnaval n&#8217;\u00e9s una. Originat a l&#8217;antiga Roma i Gr\u00e8cia, el Carnaval va arribar al Brasil a trav\u00e9s dels colonitzadors portuguesos. Al llarg dels segles, ha evolucionat i s&#8217;ha fusionat amb altres influ\u00e8ncies culturals, com les tradicions africanes i locals. Aquesta celebraci\u00f3, que precedeix la Quaresma cristiana, \u00e9s famosa pels seus desfilades de samba, m\u00fasica i ball.<\/span><\/p>\n<p>&nbsp;<\/p>\n<h3><span style=\"font-weight: 400;\">Dia dels Morts (M\u00e8xic)<\/span><\/h3>\n<p><span style=\"font-weight: 400;\">Aquesta celebraci\u00f3 t\u00e9 arrels prehisp\u00e0niques en cultures com l&#8217;asteca i la maia. Els antics mesoamericans realitzaven rituals per honrar la vida dels seus avantpassats. Despr\u00e9s de l&#8217;arribada dels espanyols, aquestes tradicions es van fusionar amb el catolicisme, unint el Dia de Tots Sants i el Dia dels Difunts en una mateixa celebraci\u00f3. Aix\u00ed, el cristianisme va poder introduir-se gradualment en la nova cultura sense eliminar tots els rituals previs, de manera que els natius no percebien immediatament la colonitzaci\u00f3.<\/span><\/p>\n<p>&nbsp;<\/p>\n<h3><i><span style=\"font-weight: 400;\">Diwali<\/span><\/i><span style=\"font-weight: 400;\"> (\u00cdndia)<\/span><\/h3>\n<p><img decoding=\"async\" class=\"aligncenter wp-image-16996\" src=\"https:\/\/trofeusabm.com\/wp-content\/uploads\/2024\/07\/Diwali-1024x530.png\" alt=\"diwali - trofeus abm\" width=\"805\" height=\"416\" srcset=\"https:\/\/trofeusabm.com\/wp-content\/uploads\/2024\/07\/Diwali-1024x530.png 1024w, https:\/\/trofeusabm.com\/wp-content\/uploads\/2024\/07\/Diwali-300x155.png 300w, https:\/\/trofeusabm.com\/wp-content\/uploads\/2024\/07\/Diwali-768x397.png 768w, https:\/\/trofeusabm.com\/wp-content\/uploads\/2024\/07\/Diwali-1536x795.png 1536w, https:\/\/trofeusabm.com\/wp-content\/uploads\/2024\/07\/Diwali-600x310.png 600w, https:\/\/trofeusabm.com\/wp-content\/uploads\/2024\/07\/Diwali.png 1917w\" sizes=\"(max-width: 805px) 100vw, 805px\" \/><\/p>\n<p><span style=\"font-weight: 400;\">Tamb\u00e9 conegut com el festival de les llums, <\/span><i><span style=\"font-weight: 400;\">Diwali<\/span><\/i><span style=\"font-weight: 400;\"> \u00e9s una de les festivitats m\u00e9s importants de l&#8217;\u00cdndia, celebrada per hind\u00fas, jainistes, sikhs i alguns budistes. Marca la vict\u00f2ria del b\u00e9 sobre el mal, de la llum sobre la foscor. Est\u00e0 associat amb la deessa Lakshmi i la llegenda del retorn de Rama a Ayodhya despr\u00e9s de 14 anys d&#8217;exili.<\/span><\/p>\n<p>&nbsp;<\/p>\n<h3><span style=\"font-weight: 400;\">Festival <\/span><i><span style=\"font-weight: 400;\">Holi<\/span><\/i><span style=\"font-weight: 400;\"> (\u00cdndia)<\/span><\/h3>\n<p><span style=\"font-weight: 400;\">Aquest \u00e9s possiblement una de les celebracions m\u00e9s famoses del m\u00f3n i que m\u00e9s acollida ha tingut, fent recreacions de la mateixa en tots llocs. No obstant aix\u00f2, l&#8217;origen est\u00e0 en una antiga festivitat hind\u00fa que celebra la vict\u00f2ria del b\u00e9 sobre el mal i l&#8217;arribada de la primavera. \u00c9s un moment per deixar enrere les difer\u00e8ncies i unir-se en un esperit d&#8217;amor, amistat i alegria. Durant el <\/span><i><span style=\"font-weight: 400;\">Holi<\/span><\/i><span style=\"font-weight: 400;\">, les persones es cobreixen m\u00fatuament amb pols de colors brillants i aigua, simbolitzant l&#8217;eliminaci\u00f3 de les barreres socials i la uni\u00f3.<\/span><\/p>\n<p>&nbsp;<\/p>\n<h3><span style=\"font-weight: 400;\">Any Nou xin\u00e8s (Xina)<\/span><\/h3>\n<figure id=\"attachment_415\" aria-describedby=\"caption-attachment-415\" style=\"width: 790px\" class=\"wp-caption aligncenter\"><img decoding=\"async\" class=\"wp-image-415 size-large\" src=\"http:\/\/trofeusabm.com\/wp-content\/uploads\/2024\/07\/dragon-el-unico-animal-mitologico_c3b817ad_240130093737_1280x720-1024x576.jpg\" alt=\"FUENTE: ISTOCK\" width=\"800\" height=\"450\" \/><figcaption id=\"caption-attachment-415\" class=\"wp-caption-text\">Dragons Sculptures at Chinese Temple in Chonburi, Thailand. FUENTE: ISTOCK<\/figcaption><\/figure>\n<p>&nbsp;<\/p>\n<p><span style=\"font-weight: 400;\">Conegut com el Festival de la Primavera, aquesta celebraci\u00f3 t\u00e9 una hist\u00f2ria de m\u00e9s de 4.000 anys. Els seus or\u00edgens es remunten a la dinastia Shang (1600-1046 a.C.) i se celebra una \u00e8poca per honrar els avantpassats i de\u00eftats, aix\u00ed com per reunir la fam\u00edlia. La llegenda del monstre Nian, que atacava aldees a l&#8217;inici de cada any, explica algunes de les tradicions com els focs artificials i l&#8217;\u00fas de vermell per espantar-lo.<\/span><\/p>\n<p>&nbsp;<\/p>\n<h3><i><span style=\"font-weight: 400;\">Oktoberfest<\/span><\/i><span style=\"font-weight: 400;\"> (Alemanya)<\/span><\/h3>\n<figure id=\"attachment_417\" aria-describedby=\"caption-attachment-417\" style=\"width: 790px\" class=\"wp-caption aligncenter\"><img loading=\"lazy\" decoding=\"async\" class=\"wp-image-417 size-large\" src=\"http:\/\/trofeusabm.com\/wp-content\/uploads\/2024\/07\/gettyimages-132338731_00000000_f7c602ec_230919123603_1200x682-1-1024x582.jpg\" alt=\"FUENTE: GETTYIMAGES\" width=\"800\" height=\"455\" \/><figcaption id=\"caption-attachment-417\" class=\"wp-caption-text\">FUENTE: GETTYIMAGES<\/figcaption><\/figure>\n<p>&nbsp;<\/p>\n<p><span style=\"font-weight: 400;\">L&#8217; <\/span><i><span style=\"font-weight: 400;\">Oktoberfest<\/span><\/i><span style=\"font-weight: 400;\"> es va originar el 1810 a Munic, Alemanya, per celebrar el matrimoni del pr\u00edncep Llu\u00eds de Baviera (futur rei Llu\u00eds I) amb la princesa Teresa de Sax\u00f2nia-Hildburghausen. El curi\u00f3s d&#8217;aquesta tradici\u00f3 \u00e9s que no estava pensada per acabar convertint-se en una, ja que es tractava d&#8217;una celebraci\u00f3 \u00fanica. No obstant aix\u00f2, el temps va fer de les seves i es va acabar convertint en una celebraci\u00f3 anual de la cultura b\u00e0vara, famosa per la seva cervesa, m\u00fasica i menjar tradicional.<\/span><\/p>\n<p>&nbsp;<\/p>\n<h3><span style=\"font-weight: 400;\">Nadal<\/span><\/h3>\n<p><span style=\"font-weight: 400;\">La tamb\u00e9 coneguda Nativitat celebra el naixement de Jesucrist, encara que moltes de les seves tradicions tenen or\u00edgens en festivitats paganes europees, com la Saturnalia romana i les celebracions germ\u00e0niques del solstici d&#8217;hivern. Passa el mateix que en el cas del Dia dels Morts a M\u00e8xic, i amb el pas del temps la festivitat ha acabat barrejant tradicions religioses i seculars.<\/span><\/p>\n<p>&nbsp;<\/p>\n<h3><i><span style=\"font-weight: 400;\">Hanami<\/span><\/i><span style=\"font-weight: 400;\"> (Jap\u00f3)<\/span><\/h3>\n<p><span style=\"font-weight: 400;\">Aquesta tradici\u00f3 japonesa tracta de la calma i la connexi\u00f3 amb la natura, ja que consisteix en observar la bellesa de les flors, especialment els cirerers en flor o <\/span><i><span style=\"font-weight: 400;\">sakura<\/span><\/i><span style=\"font-weight: 400;\"> en japon\u00e8s. T\u00e9 les seves arrels en la cultura aristocr\u00e0tica de l&#8217;era Heian (794-1185), quan se celebraven festivals per apreciar les flors. Avui dia \u00e9s una celebraci\u00f3 popular a tot el Jap\u00f3, marcant en el calendari de tots els ciutadans l&#8217;arribada de la primavera.<\/span><\/p>\n<p>&nbsp;<\/p>\n<h3><i><span style=\"font-weight: 400;\">Mardi Gras<\/span><\/i><span style=\"font-weight: 400;\"> (Estats Units)<\/span><\/h3>\n<p><span style=\"font-weight: 400;\">Encara que aquesta tradici\u00f3 \u00e9s origin\u00e0ria de Nova Orleans, el seu nom prov\u00e9 dels colonitzadors francesos i podria traduir-se al catal\u00e0 com &#8216;dimarts gras&#8217;. Amb arrels cat\u00f2liques europees, tamb\u00e9 celebra el carnaval i s&#8217;ha convertit en una gran festivitat a Nova Orleans, famosa pels seus desfilades, m\u00e0scares i festes.<\/span><\/p>\n<p><span style=\"font-weight: 400;\">Encara que aqu\u00ed hem destacat algunes de les celebracions m\u00e9s famoses i conegudes, els rituals i tradicions contenen una her\u00e8ncia social, emocional i demogr\u00e0fica que hem de preservar. A m\u00e9s d&#8217;assegurar-nos que se segueixin realitzant i que comptin amb protecci\u00f3, tamb\u00e9 podem fomentar la seva participaci\u00f3 a trav\u00e9s de premis o recompenses.<\/span><\/p>\n<p><span style=\"font-weight: 400;\">A aix\u00f2 \u00e9s a qu\u00e8 ens dediquem a<\/span><a href=\"https:\/\/trofeusabm.com\/ca\/nosaltres\/\"> <b>Trofeus ABM<\/b><\/a><span style=\"font-weight: 400;\">, a crear records especials de moment o experi\u00e8ncies que no podem oblidar. El nostre equip de dissenyadors treballa per crear dissenys \u00fanics i innovadors per a diferents disciplines.<\/span><\/p>\n<p><span style=\"font-weight: 400;\">Cada trofeu ha estat dissenyat amb la m\u00e0xima cura i detall per assegurar-nos que sigui de la m\u00e0xima qualitat. Utilitzem materials de primera qualitat i processos de producci\u00f3 minuciosos per garantir que cada trofeu sigui \u00fanic i exclusiu. Si est\u00e0s interessat en algun disseny en q\u00fcesti\u00f3 o no tens una idea clara per a ell, nom\u00e9s has de posar-te en<\/span><strong><a href=\"https:\/\/trofeusabm.com\/ca\/contacte\/\"> contacte<\/a><\/strong><span style=\"font-weight: 400;\"> amb el nostre equip perqu\u00e8 puguem comen\u00e7ar a treballar en el teu pr\u00f2xim premi.<\/span><\/p>\n<p>&nbsp;<\/p>\n","protected":false},"excerpt":{"rendered":"<p>&nbsp; Les festes, tradicions i celebracions d&#8217;una regi\u00f3 s\u00f3n s\u00edmbols de la cultura i del llegat hist\u00f2ric de la seva gent. Ens connecten amb el nostre passat, recordant-nos qui \u00e9rem i com hem evolucionat com a societat. A m\u00e9s, mantenen vives les nostres arrels. Per aix\u00f2, \u00e9s essencial preservar-les. A m\u00e9s de per a la &#8230; <a title=\"L&#8217;art de les celebracions: rituals i tradicions arreu del m\u00f3n\" class=\"read-more\" href=\"https:\/\/trofeusabm.com\/ca\/lart-de-les-celebracions-rituals-i-tradicions-arreu-del-mon\/\" aria-label=\"M\u00e9s informaci\u00f3 sobre L&#8217;art de les celebracions: rituals i tradicions arreu del m\u00f3n\">Llegiu m\u00e9s<\/a><\/p>\n","protected":false},"author":2,"featured_media":955,"comment_status":"open","ping_status":"closed","sticky":false,"template":"","format":"standard","meta":{"footnotes":""},"categories":[21],"tags":[],"class_list":["post-913","post","type-post","status-publish","format-standard","has-post-thumbnail","hentry","category-sin-categorizar"],"yoast_head":"<!-- This site is optimized with the Yoast SEO Premium plugin v22.8 (Yoast SEO v27.1) - https:\/\/yoast.com\/product\/yoast-seo-premium-wordpress\/ -->\n<title>L&#039;art de les celebracions: rituals i tradicions arreu del m\u00f3n - Trofeos ABM<\/title>\n<meta name=\"description\" content=\"Les celebracions resumeixen en un ritual part de la cultura d&#039;una societat i ens serveixen per entendre-la i empatitzar amb ella.\" \/>\n<meta name=\"robots\" content=\"index, follow, max-snippet:-1, max-image-preview:large, max-video-preview:-1\" \/>\n<link rel=\"canonical\" href=\"https:\/\/trofeusabm.com\/ca\/lart-de-les-celebracions-rituals-i-tradicions-arreu-del-mon\/\" \/>\n<meta property=\"og:locale\" content=\"ca_ES\" \/>\n<meta property=\"og:type\" content=\"article\" \/>\n<meta property=\"og:title\" content=\"L&#039;art de les celebracions: rituals i tradicions arreu del m\u00f3n\" \/>\n<meta property=\"og:description\" content=\"Les celebracions resumeixen en un ritual part de la cultura d&#039;una societat i ens serveixen per entendre-la i empatitzar amb ella.\" \/>\n<meta property=\"og:url\" content=\"https:\/\/trofeusabm.com\/ca\/lart-de-les-celebracions-rituals-i-tradicions-arreu-del-mon\/\" \/>\n<meta property=\"og:site_name\" content=\"Trofeos ABM\" \/>\n<meta property=\"article:published_time\" content=\"2024-07-16T05:45:43+00:00\" \/>\n<meta property=\"article:modified_time\" content=\"2025-05-13T10:42:12+00:00\" \/>\n<meta property=\"og:image\" content=\"https:\/\/trofeusabm.com\/wp-content\/uploads\/2024\/07\/una-historia-de-amor-y-de-color_06486b5e_240514092516_1280x853-1.jpg\" \/>\n\t<meta property=\"og:image:width\" content=\"1280\" \/>\n\t<meta property=\"og:image:height\" content=\"853\" \/>\n\t<meta property=\"og:image:type\" content=\"image\/jpeg\" \/>\n<meta name=\"author\" content=\"apuig\" \/>\n<meta name=\"twitter:card\" content=\"summary_large_image\" \/>\n<meta name=\"twitter:label1\" content=\"Escrit per\" \/>\n\t<meta name=\"twitter:data1\" content=\"apuig\" \/>\n\t<meta name=\"twitter:label2\" content=\"Temps estimat de lectura\" \/>\n\t<meta name=\"twitter:data2\" content=\"9 minuts\" \/>\n<script type=\"application\/ld+json\" class=\"yoast-schema-graph\">{\"@context\":\"https:\/\/schema.org\",\"@graph\":[{\"@type\":\"Article\",\"@id\":\"https:\/\/trofeusabm.com\/ca\/lart-de-les-celebracions-rituals-i-tradicions-arreu-del-mon\/#article\",\"isPartOf\":{\"@id\":\"https:\/\/trofeusabm.com\/ca\/lart-de-les-celebracions-rituals-i-tradicions-arreu-del-mon\/\"},\"author\":{\"name\":\"apuig\",\"@id\":\"https:\/\/trofeusabm.com\/ca\/#\/schema\/person\/74faa683a697408997fcd40dba5ade8c\"},\"headline\":\"L&#8217;art de les celebracions: rituals i tradicions arreu del m\u00f3n\",\"datePublished\":\"2024-07-16T05:45:43+00:00\",\"dateModified\":\"2025-05-13T10:42:12+00:00\",\"mainEntityOfPage\":{\"@id\":\"https:\/\/trofeusabm.com\/ca\/lart-de-les-celebracions-rituals-i-tradicions-arreu-del-mon\/\"},\"wordCount\":1745,\"commentCount\":0,\"publisher\":{\"@id\":\"https:\/\/trofeusabm.com\/ca\/#organization\"},\"image\":{\"@id\":\"https:\/\/trofeusabm.com\/ca\/lart-de-les-celebracions-rituals-i-tradicions-arreu-del-mon\/#primaryimage\"},\"thumbnailUrl\":\"https:\/\/trofeusabm.com\/wp-content\/uploads\/2024\/07\/una-historia-de-amor-y-de-color_06486b5e_240514092516_1280x853-1.jpg\",\"articleSection\":[\"Sin categorizar\"],\"inLanguage\":\"ca\",\"potentialAction\":[{\"@type\":\"CommentAction\",\"name\":\"Comment\",\"target\":[\"https:\/\/trofeusabm.com\/ca\/lart-de-les-celebracions-rituals-i-tradicions-arreu-del-mon\/#respond\"]}]},{\"@type\":\"WebPage\",\"@id\":\"https:\/\/trofeusabm.com\/ca\/lart-de-les-celebracions-rituals-i-tradicions-arreu-del-mon\/\",\"url\":\"https:\/\/trofeusabm.com\/ca\/lart-de-les-celebracions-rituals-i-tradicions-arreu-del-mon\/\",\"name\":\"L'art de les celebracions: rituals i tradicions arreu del m\u00f3n - Trofeos ABM\",\"isPartOf\":{\"@id\":\"https:\/\/trofeusabm.com\/ca\/#website\"},\"primaryImageOfPage\":{\"@id\":\"https:\/\/trofeusabm.com\/ca\/lart-de-les-celebracions-rituals-i-tradicions-arreu-del-mon\/#primaryimage\"},\"image\":{\"@id\":\"https:\/\/trofeusabm.com\/ca\/lart-de-les-celebracions-rituals-i-tradicions-arreu-del-mon\/#primaryimage\"},\"thumbnailUrl\":\"https:\/\/trofeusabm.com\/wp-content\/uploads\/2024\/07\/una-historia-de-amor-y-de-color_06486b5e_240514092516_1280x853-1.jpg\",\"datePublished\":\"2024-07-16T05:45:43+00:00\",\"dateModified\":\"2025-05-13T10:42:12+00:00\",\"description\":\"Les celebracions resumeixen en un ritual part de la cultura d'una societat i ens serveixen per entendre-la i empatitzar amb ella.\",\"breadcrumb\":{\"@id\":\"https:\/\/trofeusabm.com\/ca\/lart-de-les-celebracions-rituals-i-tradicions-arreu-del-mon\/#breadcrumb\"},\"inLanguage\":\"ca\",\"potentialAction\":[{\"@type\":\"ReadAction\",\"target\":[\"https:\/\/trofeusabm.com\/ca\/lart-de-les-celebracions-rituals-i-tradicions-arreu-del-mon\/\"]}]},{\"@type\":\"ImageObject\",\"inLanguage\":\"ca\",\"@id\":\"https:\/\/trofeusabm.com\/ca\/lart-de-les-celebracions-rituals-i-tradicions-arreu-del-mon\/#primaryimage\",\"url\":\"https:\/\/trofeusabm.com\/wp-content\/uploads\/2024\/07\/una-historia-de-amor-y-de-color_06486b5e_240514092516_1280x853-1.jpg\",\"contentUrl\":\"https:\/\/trofeusabm.com\/wp-content\/uploads\/2024\/07\/una-historia-de-amor-y-de-color_06486b5e_240514092516_1280x853-1.jpg\",\"width\":1280,\"height\":853,\"caption\":\"March 12, 2022, Mathura, Uttar Pradesh, India: Hindu devotees play with colorful powders (Gulal) at the Radharani Temple of Nandgaon during the festival. Holi Festival of India is one of the biggest colorful celebrations in India as many Tourists and devotees gather to observe this colorful event. Marking the beginning of spring, the festival celebrates the divine love of Radha and Krishna and represents the victory of good over evil. (Credit Image: \u00a9 Avishek Das\/SOPA Images via ZUMA Press Wire)\"},{\"@type\":\"BreadcrumbList\",\"@id\":\"https:\/\/trofeusabm.com\/ca\/lart-de-les-celebracions-rituals-i-tradicions-arreu-del-mon\/#breadcrumb\",\"itemListElement\":[{\"@type\":\"ListItem\",\"position\":1,\"name\":\"Portada\",\"item\":\"https:\/\/trofeusabm.com\/ca\/\"},{\"@type\":\"ListItem\",\"position\":2,\"name\":\"L&#8217;art de les celebracions: rituals i tradicions arreu del m\u00f3n\"}]},{\"@type\":\"WebSite\",\"@id\":\"https:\/\/trofeusabm.com\/ca\/#website\",\"url\":\"https:\/\/trofeusabm.com\/ca\/\",\"name\":\"Trofeos ABM\",\"description\":\"\",\"publisher\":{\"@id\":\"https:\/\/trofeusabm.com\/ca\/#organization\"},\"potentialAction\":[{\"@type\":\"SearchAction\",\"target\":{\"@type\":\"EntryPoint\",\"urlTemplate\":\"https:\/\/trofeusabm.com\/ca\/?s={search_term_string}\"},\"query-input\":{\"@type\":\"PropertyValueSpecification\",\"valueRequired\":true,\"valueName\":\"search_term_string\"}}],\"inLanguage\":\"ca\"},{\"@type\":\"Organization\",\"@id\":\"https:\/\/trofeusabm.com\/ca\/#organization\",\"name\":\"Trofeos ABM\",\"url\":\"https:\/\/trofeusabm.com\/ca\/\",\"logo\":{\"@type\":\"ImageObject\",\"inLanguage\":\"ca\",\"@id\":\"https:\/\/trofeusabm.com\/ca\/#\/schema\/logo\/image\/\",\"url\":\"https:\/\/trofeusabm.com\/wp-content\/uploads\/2024\/08\/logo-1665059948.png\",\"contentUrl\":\"https:\/\/trofeusabm.com\/wp-content\/uploads\/2024\/08\/logo-1665059948.png\",\"width\":320,\"height\":80,\"caption\":\"Trofeos ABM\"},\"image\":{\"@id\":\"https:\/\/trofeusabm.com\/ca\/#\/schema\/logo\/image\/\"}},{\"@type\":\"Person\",\"@id\":\"https:\/\/trofeusabm.com\/ca\/#\/schema\/person\/74faa683a697408997fcd40dba5ade8c\",\"name\":\"apuig\",\"image\":{\"@type\":\"ImageObject\",\"inLanguage\":\"ca\",\"@id\":\"https:\/\/trofeusabm.com\/ca\/#\/schema\/person\/image\/\",\"url\":\"https:\/\/secure.gravatar.com\/avatar\/583d07f3f1036f58d0e44e873586278b582179a16b27a5b3951504e9ee001c06?s=96&d=mm&r=g\",\"contentUrl\":\"https:\/\/secure.gravatar.com\/avatar\/583d07f3f1036f58d0e44e873586278b582179a16b27a5b3951504e9ee001c06?s=96&d=mm&r=g\",\"caption\":\"apuig\"},\"url\":\"https:\/\/trofeusabm.com\/ca\/author\/apuig\/\"}]}<\/script>\n<!-- \/ Yoast SEO Premium plugin. -->","yoast_head_json":{"title":"L'art de les celebracions: rituals i tradicions arreu del m\u00f3n - Trofeos ABM","description":"Les celebracions resumeixen en un ritual part de la cultura d'una societat i ens serveixen per entendre-la i empatitzar amb ella.","robots":{"index":"index","follow":"follow","max-snippet":"max-snippet:-1","max-image-preview":"max-image-preview:large","max-video-preview":"max-video-preview:-1"},"canonical":"https:\/\/trofeusabm.com\/ca\/lart-de-les-celebracions-rituals-i-tradicions-arreu-del-mon\/","og_locale":"ca_ES","og_type":"article","og_title":"L'art de les celebracions: rituals i tradicions arreu del m\u00f3n","og_description":"Les celebracions resumeixen en un ritual part de la cultura d'una societat i ens serveixen per entendre-la i empatitzar amb ella.","og_url":"https:\/\/trofeusabm.com\/ca\/lart-de-les-celebracions-rituals-i-tradicions-arreu-del-mon\/","og_site_name":"Trofeos ABM","article_published_time":"2024-07-16T05:45:43+00:00","article_modified_time":"2025-05-13T10:42:12+00:00","og_image":[{"width":1280,"height":853,"url":"https:\/\/trofeusabm.com\/wp-content\/uploads\/2024\/07\/una-historia-de-amor-y-de-color_06486b5e_240514092516_1280x853-1.jpg","type":"image\/jpeg"}],"author":"apuig","twitter_card":"summary_large_image","twitter_misc":{"Escrit per":"apuig","Temps estimat de lectura":"9 minuts"},"schema":{"@context":"https:\/\/schema.org","@graph":[{"@type":"Article","@id":"https:\/\/trofeusabm.com\/ca\/lart-de-les-celebracions-rituals-i-tradicions-arreu-del-mon\/#article","isPartOf":{"@id":"https:\/\/trofeusabm.com\/ca\/lart-de-les-celebracions-rituals-i-tradicions-arreu-del-mon\/"},"author":{"name":"apuig","@id":"https:\/\/trofeusabm.com\/ca\/#\/schema\/person\/74faa683a697408997fcd40dba5ade8c"},"headline":"L&#8217;art de les celebracions: rituals i tradicions arreu del m\u00f3n","datePublished":"2024-07-16T05:45:43+00:00","dateModified":"2025-05-13T10:42:12+00:00","mainEntityOfPage":{"@id":"https:\/\/trofeusabm.com\/ca\/lart-de-les-celebracions-rituals-i-tradicions-arreu-del-mon\/"},"wordCount":1745,"commentCount":0,"publisher":{"@id":"https:\/\/trofeusabm.com\/ca\/#organization"},"image":{"@id":"https:\/\/trofeusabm.com\/ca\/lart-de-les-celebracions-rituals-i-tradicions-arreu-del-mon\/#primaryimage"},"thumbnailUrl":"https:\/\/trofeusabm.com\/wp-content\/uploads\/2024\/07\/una-historia-de-amor-y-de-color_06486b5e_240514092516_1280x853-1.jpg","articleSection":["Sin categorizar"],"inLanguage":"ca","potentialAction":[{"@type":"CommentAction","name":"Comment","target":["https:\/\/trofeusabm.com\/ca\/lart-de-les-celebracions-rituals-i-tradicions-arreu-del-mon\/#respond"]}]},{"@type":"WebPage","@id":"https:\/\/trofeusabm.com\/ca\/lart-de-les-celebracions-rituals-i-tradicions-arreu-del-mon\/","url":"https:\/\/trofeusabm.com\/ca\/lart-de-les-celebracions-rituals-i-tradicions-arreu-del-mon\/","name":"L'art de les celebracions: rituals i tradicions arreu del m\u00f3n - Trofeos ABM","isPartOf":{"@id":"https:\/\/trofeusabm.com\/ca\/#website"},"primaryImageOfPage":{"@id":"https:\/\/trofeusabm.com\/ca\/lart-de-les-celebracions-rituals-i-tradicions-arreu-del-mon\/#primaryimage"},"image":{"@id":"https:\/\/trofeusabm.com\/ca\/lart-de-les-celebracions-rituals-i-tradicions-arreu-del-mon\/#primaryimage"},"thumbnailUrl":"https:\/\/trofeusabm.com\/wp-content\/uploads\/2024\/07\/una-historia-de-amor-y-de-color_06486b5e_240514092516_1280x853-1.jpg","datePublished":"2024-07-16T05:45:43+00:00","dateModified":"2025-05-13T10:42:12+00:00","description":"Les celebracions resumeixen en un ritual part de la cultura d'una societat i ens serveixen per entendre-la i empatitzar amb ella.","breadcrumb":{"@id":"https:\/\/trofeusabm.com\/ca\/lart-de-les-celebracions-rituals-i-tradicions-arreu-del-mon\/#breadcrumb"},"inLanguage":"ca","potentialAction":[{"@type":"ReadAction","target":["https:\/\/trofeusabm.com\/ca\/lart-de-les-celebracions-rituals-i-tradicions-arreu-del-mon\/"]}]},{"@type":"ImageObject","inLanguage":"ca","@id":"https:\/\/trofeusabm.com\/ca\/lart-de-les-celebracions-rituals-i-tradicions-arreu-del-mon\/#primaryimage","url":"https:\/\/trofeusabm.com\/wp-content\/uploads\/2024\/07\/una-historia-de-amor-y-de-color_06486b5e_240514092516_1280x853-1.jpg","contentUrl":"https:\/\/trofeusabm.com\/wp-content\/uploads\/2024\/07\/una-historia-de-amor-y-de-color_06486b5e_240514092516_1280x853-1.jpg","width":1280,"height":853,"caption":"March 12, 2022, Mathura, Uttar Pradesh, India: Hindu devotees play with colorful powders (Gulal) at the Radharani Temple of Nandgaon during the festival. Holi Festival of India is one of the biggest colorful celebrations in India as many Tourists and devotees gather to observe this colorful event. Marking the beginning of spring, the festival celebrates the divine love of Radha and Krishna and represents the victory of good over evil. (Credit Image: \u00a9 Avishek Das\/SOPA Images via ZUMA Press Wire)"},{"@type":"BreadcrumbList","@id":"https:\/\/trofeusabm.com\/ca\/lart-de-les-celebracions-rituals-i-tradicions-arreu-del-mon\/#breadcrumb","itemListElement":[{"@type":"ListItem","position":1,"name":"Portada","item":"https:\/\/trofeusabm.com\/ca\/"},{"@type":"ListItem","position":2,"name":"L&#8217;art de les celebracions: rituals i tradicions arreu del m\u00f3n"}]},{"@type":"WebSite","@id":"https:\/\/trofeusabm.com\/ca\/#website","url":"https:\/\/trofeusabm.com\/ca\/","name":"Trofeos ABM","description":"","publisher":{"@id":"https:\/\/trofeusabm.com\/ca\/#organization"},"potentialAction":[{"@type":"SearchAction","target":{"@type":"EntryPoint","urlTemplate":"https:\/\/trofeusabm.com\/ca\/?s={search_term_string}"},"query-input":{"@type":"PropertyValueSpecification","valueRequired":true,"valueName":"search_term_string"}}],"inLanguage":"ca"},{"@type":"Organization","@id":"https:\/\/trofeusabm.com\/ca\/#organization","name":"Trofeos ABM","url":"https:\/\/trofeusabm.com\/ca\/","logo":{"@type":"ImageObject","inLanguage":"ca","@id":"https:\/\/trofeusabm.com\/ca\/#\/schema\/logo\/image\/","url":"https:\/\/trofeusabm.com\/wp-content\/uploads\/2024\/08\/logo-1665059948.png","contentUrl":"https:\/\/trofeusabm.com\/wp-content\/uploads\/2024\/08\/logo-1665059948.png","width":320,"height":80,"caption":"Trofeos ABM"},"image":{"@id":"https:\/\/trofeusabm.com\/ca\/#\/schema\/logo\/image\/"}},{"@type":"Person","@id":"https:\/\/trofeusabm.com\/ca\/#\/schema\/person\/74faa683a697408997fcd40dba5ade8c","name":"apuig","image":{"@type":"ImageObject","inLanguage":"ca","@id":"https:\/\/trofeusabm.com\/ca\/#\/schema\/person\/image\/","url":"https:\/\/secure.gravatar.com\/avatar\/583d07f3f1036f58d0e44e873586278b582179a16b27a5b3951504e9ee001c06?s=96&d=mm&r=g","contentUrl":"https:\/\/secure.gravatar.com\/avatar\/583d07f3f1036f58d0e44e873586278b582179a16b27a5b3951504e9ee001c06?s=96&d=mm&r=g","caption":"apuig"},"url":"https:\/\/trofeusabm.com\/ca\/author\/apuig\/"}]}},"_links":{"self":[{"href":"https:\/\/trofeusabm.com\/ca\/wp-json\/wp\/v2\/posts\/913","targetHints":{"allow":["GET"]}}],"collection":[{"href":"https:\/\/trofeusabm.com\/ca\/wp-json\/wp\/v2\/posts"}],"about":[{"href":"https:\/\/trofeusabm.com\/ca\/wp-json\/wp\/v2\/types\/post"}],"author":[{"embeddable":true,"href":"https:\/\/trofeusabm.com\/ca\/wp-json\/wp\/v2\/users\/2"}],"replies":[{"embeddable":true,"href":"https:\/\/trofeusabm.com\/ca\/wp-json\/wp\/v2\/comments?post=913"}],"version-history":[{"count":2,"href":"https:\/\/trofeusabm.com\/ca\/wp-json\/wp\/v2\/posts\/913\/revisions"}],"predecessor-version":[{"id":17000,"href":"https:\/\/trofeusabm.com\/ca\/wp-json\/wp\/v2\/posts\/913\/revisions\/17000"}],"wp:featuredmedia":[{"embeddable":true,"href":"https:\/\/trofeusabm.com\/ca\/wp-json\/wp\/v2\/media\/955"}],"wp:attachment":[{"href":"https:\/\/trofeusabm.com\/ca\/wp-json\/wp\/v2\/media?parent=913"}],"wp:term":[{"taxonomy":"category","embeddable":true,"href":"https:\/\/trofeusabm.com\/ca\/wp-json\/wp\/v2\/categories?post=913"},{"taxonomy":"post_tag","embeddable":true,"href":"https:\/\/trofeusabm.com\/ca\/wp-json\/wp\/v2\/tags?post=913"}],"curies":[{"name":"wp","href":"https:\/\/api.w.org\/{rel}","templated":true}]}}